{"id":183,"date":"2013-08-12T15:12:55","date_gmt":"2013-08-12T18:12:55","guid":{"rendered":"https:\/\/wp.ufpel.edu.br\/gestaopublica\/?p=183"},"modified":"2013-08-12T15:42:27","modified_gmt":"2013-08-12T18:42:27","slug":"deputado-federal-jose-stedile-palestra-aos-alunos-de-gestao-publica","status":"publish","type":"post","link":"https:\/\/wp.ufpel.edu.br\/gestaopublica\/2013\/08\/12\/deputado-federal-jose-stedile-palestra-aos-alunos-de-gestao-publica\/","title":{"rendered":"Deputado Federal Jos\u00e9 St\u00e9dile palestra aos alunos de Gest\u00e3o P\u00fablica"},"content":{"rendered":"<div style=\"text-align: justify\">Na tarde do dia 22 de julho, o Deputado Federal Sr. Jos\u00e9 St\u00e9dile proferiu palestra aos alunos do Curso de Gest\u00e3o P\u00fablica. Em suas palavras, o Deputado rememorou sua trajet\u00f3ria na vida p\u00fablica, os desafios da gest\u00e3o municipal na cidade de Cachoeirinha\/RS e a atual agenda de trabalhos na C\u00e2mara Federal em Bras\u00edlia. A palestra ocorreu no Audit\u00f3rio da Reitoria da UFPel.<\/div>\n<div style=\"text-align: justify\"><\/div>\n<div><a href=\"https:\/\/wp.ufpel.edu.br\/gestaopublica\/files\/2013\/08\/DSC05358.jpg\"><img loading=\"lazy\" decoding=\"async\" class=\"wp-image-185 aligncenter\" alt=\"DSC05358\" src=\"https:\/\/wp.ufpel.edu.br\/gestaopublica\/files\/2013\/08\/DSC05358-300x225.jpg\" width=\"240\" height=\"180\" srcset=\"https:\/\/wp.ufpel.edu.br\/gestaopublica\/files\/2013\/08\/DSC05358-300x225.jpg 300w, https:\/\/wp.ufpel.edu.br\/gestaopublica\/files\/2013\/08\/DSC05358-1024x768.jpg 1024w\" sizes=\"auto, (max-width: 240px) 100vw, 240px\" \/><\/a><\/div>\n<div><\/div>\n<div><a href=\"https:\/\/wp.ufpel.edu.br\/gestaopublica\/files\/2013\/08\/DSC05353.jpg\"><img loading=\"lazy\" decoding=\"async\" class=\"wp-image-184 aligncenter\" alt=\"DSC05353\" src=\"https:\/\/wp.ufpel.edu.br\/gestaopublica\/files\/2013\/08\/DSC05353-300x225.jpg\" width=\"240\" height=\"180\" srcset=\"https:\/\/wp.ufpel.edu.br\/gestaopublica\/files\/2013\/08\/DSC05353-300x225.jpg 300w, https:\/\/wp.ufpel.edu.br\/gestaopublica\/files\/2013\/08\/DSC05353-1024x768.jpg 1024w\" sizes=\"auto, (max-width: 240px) 100vw, 240px\" \/><\/a><\/div>\n","protected":false},"excerpt":{"rendered":"<p>Na tarde do dia 22 de julho, o Deputado Federal Sr. Jos\u00e9 St\u00e9dile proferiu palestra aos alunos do Curso de Gest\u00e3o P\u00fablica. Em suas palavras, o Deputado rememorou sua trajet\u00f3ria na vida p\u00fablica, os desafios da gest\u00e3o municipal na cidade de Cachoeirinha\/RS e a atual agenda de trabalhos na C\u00e2mara Federal em Bras\u00edlia. A palestra &hellip; <\/p>\n<p><a class=\"more-link btn\" href=\"https:\/\/wp.ufpel.edu.br\/gestaopublica\/2013\/08\/12\/deputado-federal-jose-stedile-palestra-aos-alunos-de-gestao-publica\/\">Continue lendo<\/a><\/p>\n","protected":false},"author":250,"featured_media":0,"comment_status":"closed","ping_status":"closed","sticky":false,"template":"","format":"standard","meta":{"jetpack_post_was_ever_published":false,"_jetpack_newsletter_access":"","_jetpack_dont_email_post_to_subs":false,"_jetpack_newsletter_tier_id":0,"_jetpack_memberships_contains_paywalled_content":false,"_jetpack_memberships_contains_paid_content":false,"footnotes":"","jetpack_publicize_message":"","jetpack_publicize_feature_enabled":true,"jetpack_social_post_already_shared":false,"jetpack_social_options":{"image_generator_settings":{"template":"highway","default_image_id":0,"font":"","enabled":false},"version":2}},"categories":[18],"tags":[],"class_list":["post-183","post","type-post","status-publish","format-standard","hentry","category-noticias","item-wrap"],"jetpack_publicize_connections":[],"jetpack_featured_media_url":"","jetpack_sharing_enabled":true,"jetpack_shortlink":"https:\/\/wp.me\/p6QO4J-2X","_links":{"self":[{"href":"https:\/\/wp.ufpel.edu.br\/gestaopublica\/wp-json\/wp\/v2\/posts\/183","targetHints":{"allow":["GET"]}}],"collection":[{"href":"https:\/\/wp.ufpel.edu.br\/gestaopublica\/wp-json\/wp\/v2\/posts"}],"about":[{"href":"https:\/\/wp.ufpel.edu.br\/gestaopublica\/wp-json\/wp\/v2\/types\/post"}],"author":[{"embeddable":true,"href":"https:\/\/wp.ufpel.edu.br\/gestaopublica\/wp-json\/wp\/v2\/users\/250"}],"replies":[{"embeddable":true,"href":"https:\/\/wp.ufpel.edu.br\/gestaopublica\/wp-json\/wp\/v2\/comments?post=183"}],"version-history":[{"count":5,"href":"https:\/\/wp.ufpel.edu.br\/gestaopublica\/wp-json\/wp\/v2\/posts\/183\/revisions"}],"predecessor-version":[{"id":187,"href":"https:\/\/wp.ufpel.edu.br\/gestaopublica\/wp-json\/wp\/v2\/posts\/183\/revisions\/187"}],"wp:attachment":[{"href":"https:\/\/wp.ufpel.edu.br\/gestaopublica\/wp-json\/wp\/v2\/media?parent=183"}],"wp:term":[{"taxonomy":"category","embeddable":true,"href":"https:\/\/wp.ufpel.edu.br\/gestaopublica\/wp-json\/wp\/v2\/categories?post=183"},{"taxonomy":"post_tag","embeddable":true,"href":"https:\/\/wp.ufpel.edu.br\/gestaopublica\/wp-json\/wp\/v2\/tags?post=183"}],"curies":[{"name":"wp","href":"https:\/\/api.w.org\/{rel}","templated":true}]}}