{"id":3332,"date":"2020-09-29T14:41:41","date_gmt":"2020-09-29T17:41:41","guid":{"rendered":"https:\/\/wp.ufpel.edu.br\/geografia\/?p=3332"},"modified":"2020-10-01T14:07:48","modified_gmt":"2020-10-01T17:07:48","slug":"processamento-das-correcoes-ate-1200h-de-29-09","status":"publish","type":"post","link":"https:\/\/wp.ufpel.edu.br\/geografia\/2020\/09\/29\/processamento-das-correcoes-ate-1200h-de-29-09\/","title":{"rendered":"Processamento das corre\u00e7\u00f5es at\u00e9 12:00h de 29\/09"},"content":{"rendered":"<p><strong>Atualiza\u00e7\u00e3o das solicita\u00e7\u00f5es at\u00e9 01\/10 \u00e0s 14:07:<\/strong><\/p>\n<p><a href=\"https:\/\/wp.ufpel.edu.br\/geografia\/files\/2020\/09\/correcao-dia-3.jpg\"><img loading=\"lazy\" decoding=\"async\" class=\"aligncenter size-medium wp-image-3345\" src=\"https:\/\/wp.ufpel.edu.br\/geografia\/files\/2020\/09\/correcao-dia-3-400x22.jpg\" alt=\"\" width=\"400\" height=\"22\" srcset=\"https:\/\/wp.ufpel.edu.br\/geografia\/files\/2020\/09\/correcao-dia-3-400x22.jpg 400w, https:\/\/wp.ufpel.edu.br\/geografia\/files\/2020\/09\/correcao-dia-3-768x42.jpg 768w, https:\/\/wp.ufpel.edu.br\/geografia\/files\/2020\/09\/correcao-dia-3-500x27.jpg 500w, https:\/\/wp.ufpel.edu.br\/geografia\/files\/2020\/09\/correcao-dia-3.jpg 942w\" sizes=\"auto, (max-width: 400px) 100vw, 400px\" \/><\/a><\/p>\n<p><strong>Atualiza\u00e7\u00e3o das solicita\u00e7\u00f5es at\u00e9 30\/09 \u00e0s 13:18:<\/strong><\/p>\n<p><a href=\"https:\/\/wp.ufpel.edu.br\/geografia\/files\/2020\/09\/correcao-dia-2.jpg\"><img loading=\"lazy\" decoding=\"async\" class=\"aligncenter size-medium wp-image-3341\" src=\"https:\/\/wp.ufpel.edu.br\/geografia\/files\/2020\/09\/correcao-dia-2-400x84.jpg\" alt=\"\" width=\"400\" height=\"84\" srcset=\"https:\/\/wp.ufpel.edu.br\/geografia\/files\/2020\/09\/correcao-dia-2-400x84.jpg 400w, https:\/\/wp.ufpel.edu.br\/geografia\/files\/2020\/09\/correcao-dia-2-768x161.jpg 768w, https:\/\/wp.ufpel.edu.br\/geografia\/files\/2020\/09\/correcao-dia-2-500x105.jpg 500w, https:\/\/wp.ufpel.edu.br\/geografia\/files\/2020\/09\/correcao-dia-2.jpg 940w\" sizes=\"auto, (max-width: 400px) 100vw, 400px\" \/><\/a><\/p>\n<hr \/>\n<p><strong>Post original:<\/strong><\/p>\n<p>Primeiramente, refor\u00e7o a informa\u00e7\u00e3o anterior que ap\u00f3s este hor\u00e1rio (que encerrou) as solicita\u00e7\u00f5es ser\u00e3o atendidas conforme ordem de solicita\u00e7\u00e3o.<\/p>\n<p>Coment\u00e1rios gerais:<\/p>\n<p>Quem havia conseguido quebra de pr\u00e9-requisito no 2020\/1 regular e a disciplina esteja ofertada no per\u00edodo remoto entre em contato via e-mail col.geografia@hotmail.com para informar se pretende cursar agora. Sem o contato realizado, a disciplina n\u00e3o ser\u00e1 inclu\u00edda.<\/p>\n<p>Matr\u00edculas especiais somente ser\u00e3o analisadas ap\u00f3s todo o per\u00edodo de corre\u00e7\u00e3o, ent\u00e3o n\u00e3o h\u00e1 nenhuma informa\u00e7\u00e3o referente a essas solicita\u00e7\u00f5es.<\/p>\n<p>Eventuais problemas nas solicita\u00e7\u00f5es realizadas ap\u00f3s esse processamento ser\u00e3o atualizadas neste post ap\u00f3s as 12:00h do dia 30\/09.<\/p>\n<p>Aparentemente quando copiei o quadro de vagas algo ainda n\u00e3o havia sido processado totalmente. Metodologia 2 (lic) n\u00e3o sobrou vagas.<\/p>\n<p>H\u00e1 um limite informado pela Pr\u00f3-Reitoria de 5 disciplinas por aluno, para que haja vaga aos demais, ent\u00e3o quem atingiu esse limite n\u00e3o teve mais disciplinas a partir deste ponto inclu\u00eddas.<\/p>\n<p>Refor\u00e7ando: <a href=\"https:\/\/docs.google.com\/forms\/d\/e\/1FAIpQLSc12mDoJdkcRDn1POL9dkLEnNNa7c-k9Wuh_o3RwVKH13SG-w\/viewform\">Solicita\u00e7\u00e3o de corre\u00e7\u00e3o de matr\u00edcula por este link<\/a><\/p>\n<p><a href=\"https:\/\/docs.google.com\/forms\/d\/e\/1FAIpQLSc-MELLGNwagG4LWaDDM54ug3XOCJsS2teMLYQIyCdA98D3qQ\/viewform\">Solicita\u00e7\u00e3o de matr\u00edcula especial por este link<\/a><\/p>\n<p><a href=\"https:\/\/wp.ufpel.edu.br\/geografia\/files\/2020\/09\/horarios-turmas-alternativo-2-corrigido.pdf\">Hor\u00e1rio dos cursos aqui<\/a><\/p>\n<p><strong>Processamento das corre\u00e7\u00f5es solicitadas:<\/strong><\/p>\n<p><strong>Bacharelado:<\/strong><\/p>\n<p><a href=\"https:\/\/wp.ufpel.edu.br\/geografia\/files\/2020\/09\/correcao-dia-1-bac.jpg\"><img loading=\"lazy\" decoding=\"async\" class=\"aligncenter size-medium wp-image-3334\" src=\"https:\/\/wp.ufpel.edu.br\/geografia\/files\/2020\/09\/correcao-dia-1-bac-400x232.jpg\" alt=\"\" width=\"400\" height=\"232\" srcset=\"https:\/\/wp.ufpel.edu.br\/geografia\/files\/2020\/09\/correcao-dia-1-bac-400x232.jpg 400w, https:\/\/wp.ufpel.edu.br\/geografia\/files\/2020\/09\/correcao-dia-1-bac-768x445.jpg 768w, https:\/\/wp.ufpel.edu.br\/geografia\/files\/2020\/09\/correcao-dia-1-bac-500x290.jpg 500w, https:\/\/wp.ufpel.edu.br\/geografia\/files\/2020\/09\/correcao-dia-1-bac.jpg 789w\" sizes=\"auto, (max-width: 400px) 100vw, 400px\" \/><\/a><strong>Licenciatura:<\/strong><\/p>\n<p><a href=\"https:\/\/wp.ufpel.edu.br\/geografia\/files\/2020\/09\/correcao-dia-1-lic-pt1.jpg\"><img loading=\"lazy\" decoding=\"async\" class=\"aligncenter size-medium wp-image-3336\" src=\"https:\/\/wp.ufpel.edu.br\/geografia\/files\/2020\/09\/correcao-dia-1-lic-pt1-400x196.jpg\" alt=\"\" width=\"400\" height=\"196\" srcset=\"https:\/\/wp.ufpel.edu.br\/geografia\/files\/2020\/09\/correcao-dia-1-lic-pt1-400x196.jpg 400w, https:\/\/wp.ufpel.edu.br\/geografia\/files\/2020\/09\/correcao-dia-1-lic-pt1-768x377.jpg 768w, https:\/\/wp.ufpel.edu.br\/geografia\/files\/2020\/09\/correcao-dia-1-lic-pt1-500x245.jpg 500w, https:\/\/wp.ufpel.edu.br\/geografia\/files\/2020\/09\/correcao-dia-1-lic-pt1.jpg 940w\" sizes=\"auto, (max-width: 400px) 100vw, 400px\" \/><img loading=\"lazy\" decoding=\"async\" class=\"aligncenter size-medium wp-image-3335\" src=\"https:\/\/wp.ufpel.edu.br\/geografia\/files\/2020\/09\/correcao-dia-1-lic-pt2-400x58.jpg\" alt=\"\" width=\"400\" height=\"58\" srcset=\"https:\/\/wp.ufpel.edu.br\/geografia\/files\/2020\/09\/correcao-dia-1-lic-pt2-400x58.jpg 400w, https:\/\/wp.ufpel.edu.br\/geografia\/files\/2020\/09\/correcao-dia-1-lic-pt2-768x111.jpg 768w, https:\/\/wp.ufpel.edu.br\/geografia\/files\/2020\/09\/correcao-dia-1-lic-pt2-500x72.jpg 500w, https:\/\/wp.ufpel.edu.br\/geografia\/files\/2020\/09\/correcao-dia-1-lic-pt2.jpg 938w\" sizes=\"auto, (max-width: 400px) 100vw, 400px\" \/><\/a><\/p>\n","protected":false},"excerpt":{"rendered":"<p>Atualiza\u00e7\u00e3o das solicita\u00e7\u00f5es at\u00e9 01\/10 \u00e0s 14:07: Atualiza\u00e7\u00e3o das solicita\u00e7\u00f5es at\u00e9 30\/09 \u00e0s 13:18: Post original: Primeiramente, refor\u00e7o a informa\u00e7\u00e3o anterior que ap\u00f3s este hor\u00e1rio (que encerrou) as solicita\u00e7\u00f5es ser\u00e3o atendidas conforme ordem de solicita\u00e7\u00e3o. Coment\u00e1rios gerais: Quem havia conseguido &hellip; <a href=\"https:\/\/wp.ufpel.edu.br\/geografia\/2020\/09\/29\/processamento-das-correcoes-ate-1200h-de-29-09\/\">Continue lendo <span class=\"meta-nav\">&rarr;<\/span><\/a><\/p>\n","protected":false},"author":120,"featured_media":0,"comment_status":"closed","ping_status":"closed","sticky":false,"template":"","format":"standard","meta":{"_jetpack_memberships_contains_paid_content":false,"footnotes":""},"categories":[18],"tags":[],"class_list":["post-3332","post","type-post","status-publish","format-standard","hentry","category-sem-categoria"],"jetpack_featured_media_url":"","jetpack_sharing_enabled":true,"_links":{"self":[{"href":"https:\/\/wp.ufpel.edu.br\/geografia\/wp-json\/wp\/v2\/posts\/3332","targetHints":{"allow":["GET"]}}],"collection":[{"href":"https:\/\/wp.ufpel.edu.br\/geografia\/wp-json\/wp\/v2\/posts"}],"about":[{"href":"https:\/\/wp.ufpel.edu.br\/geografia\/wp-json\/wp\/v2\/types\/post"}],"author":[{"embeddable":true,"href":"https:\/\/wp.ufpel.edu.br\/geografia\/wp-json\/wp\/v2\/users\/120"}],"replies":[{"embeddable":true,"href":"https:\/\/wp.ufpel.edu.br\/geografia\/wp-json\/wp\/v2\/comments?post=3332"}],"version-history":[{"count":6,"href":"https:\/\/wp.ufpel.edu.br\/geografia\/wp-json\/wp\/v2\/posts\/3332\/revisions"}],"predecessor-version":[{"id":3346,"href":"https:\/\/wp.ufpel.edu.br\/geografia\/wp-json\/wp\/v2\/posts\/3332\/revisions\/3346"}],"wp:attachment":[{"href":"https:\/\/wp.ufpel.edu.br\/geografia\/wp-json\/wp\/v2\/media?parent=3332"}],"wp:term":[{"taxonomy":"category","embeddable":true,"href":"https:\/\/wp.ufpel.edu.br\/geografia\/wp-json\/wp\/v2\/categories?post=3332"},{"taxonomy":"post_tag","embeddable":true,"href":"https:\/\/wp.ufpel.edu.br\/geografia\/wp-json\/wp\/v2\/tags?post=3332"}],"curies":[{"name":"wp","href":"https:\/\/api.w.org\/{rel}","templated":true}]}}