{"id":3305,"date":"2020-09-14T23:54:44","date_gmt":"2020-09-15T02:54:44","guid":{"rendered":"https:\/\/wp.ufpel.edu.br\/geografia\/?p=3305"},"modified":"2020-09-14T23:54:44","modified_gmt":"2020-09-15T02:54:44","slug":"seminarios-ufba","status":"publish","type":"post","link":"https:\/\/wp.ufpel.edu.br\/geografia\/2020\/09\/14\/seminarios-ufba\/","title":{"rendered":"Semin\u00e1rios UFBA"},"content":{"rendered":"<div class=\"x_gmail_default\">Os docentes do Departamento de Geografia da Universidade\u00a0Federal da Bahia, Prof. Dr. Paulo C. Zangalli Jr, Profa. Dra. Grace Bungenstab Alves e Prof. Dr. Luis Paulo Batista da Silva, organizaram o componente curricular e atividade de extens\u00e3o intitulado\u00a0<b>S\u00e9rie de Semin\u00e1rios: Licenciatura e Forma\u00e7\u00e3o de Professores em Geografia<\/b>, como parte do Semestre Letivo Suplementar de 2020.<\/div>\n<div class=\"x_gmail_default\"><\/div>\n<div class=\"x_gmail_default\">Esta s\u00e9rie de semin\u00e1rios tem o objetivo de articular um espa\u00e7o de di\u00e1logo cr\u00edtico entre os membros da comunidade acad\u00eamica, professores da rede p\u00fablica de ensino, movimentos sociais, entre outros grupos interessados na reflex\u00e3o sobre o curso de licenciatura e o processo de forma\u00e7\u00e3o de professores.<\/p>\n<p>Os semin\u00e1rios acontecer\u00e3o \u00e0s segundas feiras, das 18:30 as 20:30 horas, iniciando-se no dia 14\/09\/2020 e se encerrando no dia 14\/12\/2020 e os interessados podem se inscrever acessando o link do formul\u00e1rio\u00a0<a id=\"LPlnk172013\" href=\"https:\/\/forms.gle\/xiucRqvxmqf1CLuK7\" target=\"_blank\" rel=\"noopener noreferrer\" data-auth=\"NotApplicable\">https:\/\/forms.gle\/xiucRqvxmqf1CLuK7<\/a><\/div>\n","protected":false},"excerpt":{"rendered":"<p>Os docentes do Departamento de Geografia da Universidade\u00a0Federal da Bahia, Prof. Dr. Paulo C. Zangalli Jr, Profa. Dra. Grace Bungenstab Alves e Prof. Dr. Luis Paulo Batista da Silva, organizaram o componente curricular e atividade de extens\u00e3o intitulado\u00a0S\u00e9rie de Semin\u00e1rios: &hellip; <a href=\"https:\/\/wp.ufpel.edu.br\/geografia\/2020\/09\/14\/seminarios-ufba\/\">Continue lendo <span class=\"meta-nav\">&rarr;<\/span><\/a><\/p>\n","protected":false},"author":120,"featured_media":0,"comment_status":"closed","ping_status":"closed","sticky":false,"template":"","format":"standard","meta":{"_jetpack_memberships_contains_paid_content":false,"footnotes":""},"categories":[18],"tags":[],"class_list":["post-3305","post","type-post","status-publish","format-standard","hentry","category-sem-categoria"],"jetpack_featured_media_url":"","jetpack_sharing_enabled":true,"_links":{"self":[{"href":"https:\/\/wp.ufpel.edu.br\/geografia\/wp-json\/wp\/v2\/posts\/3305","targetHints":{"allow":["GET"]}}],"collection":[{"href":"https:\/\/wp.ufpel.edu.br\/geografia\/wp-json\/wp\/v2\/posts"}],"about":[{"href":"https:\/\/wp.ufpel.edu.br\/geografia\/wp-json\/wp\/v2\/types\/post"}],"author":[{"embeddable":true,"href":"https:\/\/wp.ufpel.edu.br\/geografia\/wp-json\/wp\/v2\/users\/120"}],"replies":[{"embeddable":true,"href":"https:\/\/wp.ufpel.edu.br\/geografia\/wp-json\/wp\/v2\/comments?post=3305"}],"version-history":[{"count":1,"href":"https:\/\/wp.ufpel.edu.br\/geografia\/wp-json\/wp\/v2\/posts\/3305\/revisions"}],"predecessor-version":[{"id":3307,"href":"https:\/\/wp.ufpel.edu.br\/geografia\/wp-json\/wp\/v2\/posts\/3305\/revisions\/3307"}],"wp:attachment":[{"href":"https:\/\/wp.ufpel.edu.br\/geografia\/wp-json\/wp\/v2\/media?parent=3305"}],"wp:term":[{"taxonomy":"category","embeddable":true,"href":"https:\/\/wp.ufpel.edu.br\/geografia\/wp-json\/wp\/v2\/categories?post=3305"},{"taxonomy":"post_tag","embeddable":true,"href":"https:\/\/wp.ufpel.edu.br\/geografia\/wp-json\/wp\/v2\/tags?post=3305"}],"curies":[{"name":"wp","href":"https:\/\/api.w.org\/{rel}","templated":true}]}}