{"id":3301,"date":"2020-09-14T23:52:44","date_gmt":"2020-09-15T02:52:44","guid":{"rendered":"https:\/\/wp.ufpel.edu.br\/geografia\/?p=3301"},"modified":"2020-09-14T23:52:44","modified_gmt":"2020-09-15T02:52:44","slug":"webinar-da-univasf-uneb","status":"publish","type":"post","link":"https:\/\/wp.ufpel.edu.br\/geografia\/2020\/09\/14\/webinar-da-univasf-uneb\/","title":{"rendered":"Webinar da UNIVASF\/UNEB"},"content":{"rendered":"<p class=\"x_MsoNormal\">A Universidade Federal do Vale do S\u00e3o Francisco (UNIVASF) e a Universidade do Estado da Bahia (UNEB), por meio do\u00a0N\u00facleo de Estudos das Paisagens Semi\u00e1ridas Tropicais (NEPST), v\u00eam respeitosamente solicitar a V.Sa. a divulga\u00e7\u00e3o da 9\u00aa Webinar \u2013<i>Professor de Geografia: Trabalho docente, forma\u00e7\u00e3o e seus desafios<\/i>, ministrada pela Profa. Dra. Lana de Souza Cavalcanti (UFG) que se realizar\u00e1 no dia 25 de setembro de 2020 \u00e0s 16h00min.<\/p>\n<p class=\"x_MsoNormal\">A 9\u00aa Webinar do NEPST visa a promover o aperfei\u00e7oamento das comunidades acad\u00eamica e externa a fim de mant\u00ea-las atualizadas nas quest\u00f5es inerentes \u00e0 pandemia da COVID-19, considerando o contexto de distanciamento social.<\/p>\n<p class=\"x_MsoNormal\">\u00a0Esta iniciativa representa compromisso social da UNIVASF (<i>Campus<\/i>\u00a0Senhor do Bonfim) e da UNEB (<i>Campi<\/i>\u00a0I e IV) no que se refere \u00e0 valoriza\u00e7\u00e3o profissional mediante cursos de forma\u00e7\u00e3o continuada.<\/p>\n<p class=\"x_MsoNormal\">Ressaltamos que esta atividade de extens\u00e3o \u00e9 gratuita e ser\u00e1 expedido certificado de participa\u00e7\u00e3o aos ouvintes. Os interessados dever\u00e3o se inscrever no\u00a09\u00aa Webinar NEPST &#8211; 25\/09\/20 no\u00a0endere\u00e7o eletr\u00f4nico: &lt;https:\/\/www.sistemas.univasf.edu.br\/sge\/inscricao\/&gt;.\u00a0A transmiss\u00e3o ocorrer\u00e1 pelo canal do YouTube &lt;https:\/\/www.youtube.com\/watch?v=Xj2xbf0vSjs&gt;. <a href=\"https:\/\/wp.ufpel.edu.br\/geografia\/files\/2020\/09\/Cartaz.jpeg\"><img loading=\"lazy\" decoding=\"async\" class=\"aligncenter size-medium wp-image-3303\" src=\"https:\/\/wp.ufpel.edu.br\/geografia\/files\/2020\/09\/Cartaz-283x400.jpeg\" alt=\"\" width=\"283\" height=\"400\" srcset=\"https:\/\/wp.ufpel.edu.br\/geografia\/files\/2020\/09\/Cartaz-283x400.jpeg 283w, https:\/\/wp.ufpel.edu.br\/geografia\/files\/2020\/09\/Cartaz-723x1024.jpeg 723w, https:\/\/wp.ufpel.edu.br\/geografia\/files\/2020\/09\/Cartaz-768x1087.jpeg 768w, https:\/\/wp.ufpel.edu.br\/geografia\/files\/2020\/09\/Cartaz-212x300.jpeg 212w, https:\/\/wp.ufpel.edu.br\/geografia\/files\/2020\/09\/Cartaz.jpeg 904w\" sizes=\"auto, (max-width: 283px) 100vw, 283px\" \/><\/a><\/p>\n","protected":false},"excerpt":{"rendered":"<p>A Universidade Federal do Vale do S\u00e3o Francisco (UNIVASF) e a Universidade do Estado da Bahia (UNEB), por meio do\u00a0N\u00facleo de Estudos das Paisagens Semi\u00e1ridas Tropicais (NEPST), v\u00eam respeitosamente solicitar a V.Sa. a divulga\u00e7\u00e3o da 9\u00aa Webinar \u2013Professor de Geografia: &hellip; <a href=\"https:\/\/wp.ufpel.edu.br\/geografia\/2020\/09\/14\/webinar-da-univasf-uneb\/\">Continue lendo <span class=\"meta-nav\">&rarr;<\/span><\/a><\/p>\n","protected":false},"author":120,"featured_media":0,"comment_status":"closed","ping_status":"closed","sticky":false,"template":"","format":"standard","meta":{"_jetpack_memberships_contains_paid_content":false,"footnotes":""},"categories":[18],"tags":[],"class_list":["post-3301","post","type-post","status-publish","format-standard","hentry","category-sem-categoria"],"jetpack_featured_media_url":"","jetpack_sharing_enabled":true,"_links":{"self":[{"href":"https:\/\/wp.ufpel.edu.br\/geografia\/wp-json\/wp\/v2\/posts\/3301","targetHints":{"allow":["GET"]}}],"collection":[{"href":"https:\/\/wp.ufpel.edu.br\/geografia\/wp-json\/wp\/v2\/posts"}],"about":[{"href":"https:\/\/wp.ufpel.edu.br\/geografia\/wp-json\/wp\/v2\/types\/post"}],"author":[{"embeddable":true,"href":"https:\/\/wp.ufpel.edu.br\/geografia\/wp-json\/wp\/v2\/users\/120"}],"replies":[{"embeddable":true,"href":"https:\/\/wp.ufpel.edu.br\/geografia\/wp-json\/wp\/v2\/comments?post=3301"}],"version-history":[{"count":1,"href":"https:\/\/wp.ufpel.edu.br\/geografia\/wp-json\/wp\/v2\/posts\/3301\/revisions"}],"predecessor-version":[{"id":3304,"href":"https:\/\/wp.ufpel.edu.br\/geografia\/wp-json\/wp\/v2\/posts\/3301\/revisions\/3304"}],"wp:attachment":[{"href":"https:\/\/wp.ufpel.edu.br\/geografia\/wp-json\/wp\/v2\/media?parent=3301"}],"wp:term":[{"taxonomy":"category","embeddable":true,"href":"https:\/\/wp.ufpel.edu.br\/geografia\/wp-json\/wp\/v2\/categories?post=3301"},{"taxonomy":"post_tag","embeddable":true,"href":"https:\/\/wp.ufpel.edu.br\/geografia\/wp-json\/wp\/v2\/tags?post=3301"}],"curies":[{"name":"wp","href":"https:\/\/api.w.org\/{rel}","templated":true}]}}