{"id":601,"date":"2019-07-01T23:11:55","date_gmt":"2019-07-02T02:11:55","guid":{"rendered":"https:\/\/wp.ufpel.edu.br\/gehar\/?p=601"},"modified":"2019-07-01T23:17:11","modified_gmt":"2019-07-02T02:17:11","slug":"encontro-2019-2","status":"publish","type":"post","link":"https:\/\/wp.ufpel.edu.br\/gehar\/archives\/601","title":{"rendered":"Encontro 2019\/2"},"content":{"rendered":"<p>O GEHAr convida para o in\u00edcio das atividades de 2019\/ 2\u00ba Semestre. Os encontros s\u00e3o semanais, todas as segundas-feiras, a partir das 9:00, at\u00e9 11:00, na sala do NEPFIL, terceiro andar do pr\u00e9dio do IFISP.<br \/>\n<!--more--><br \/>\nO estudo ainda ser\u00e1 baseado na obra <strong>Origens do Totalitarismo<\/strong> de 1951, no qual Arendt descreve e analisa o Nazismo e o Stalinismo, os maiores movimentos pol\u00edticos totalit\u00e1rios da primeira metade do s\u00e9culo XX.<\/p>\n<p style=\"text-align: center\"><a href=\"https:\/\/i0.wp.com\/wp.ufpel.edu.br\/gehar\/files\/2019\/01\/cartaz_2019.jpg?ssl=1\"><img data-recalc-dims=\"1\" loading=\"lazy\" decoding=\"async\" data-attachment-id=\"604\" data-permalink=\"https:\/\/wp.ufpel.edu.br\/gehar\/archives\/601\/cartaz_gehar2\" data-orig-file=\"https:\/\/i0.wp.com\/wp.ufpel.edu.br\/gehar\/files\/2019\/07\/cartaz_gehar2.jpg?fit=842%2C1191&amp;ssl=1\" data-orig-size=\"842,1191\" data-comments-opened=\"0\" data-image-meta=\"{&quot;aperture&quot;:&quot;0&quot;,&quot;credit&quot;:&quot;&quot;,&quot;camera&quot;:&quot;&quot;,&quot;caption&quot;:&quot;&quot;,&quot;created_timestamp&quot;:&quot;0&quot;,&quot;copyright&quot;:&quot;&quot;,&quot;focal_length&quot;:&quot;0&quot;,&quot;iso&quot;:&quot;0&quot;,&quot;shutter_speed&quot;:&quot;0&quot;,&quot;title&quot;:&quot;&quot;,&quot;orientation&quot;:&quot;0&quot;}\" data-image-title=\"cartaz_gehar2\" data-image-description=\"\" data-image-caption=\"\" data-medium-file=\"https:\/\/i0.wp.com\/wp.ufpel.edu.br\/gehar\/files\/2019\/07\/cartaz_gehar2.jpg?fit=225%2C318&amp;ssl=1\" data-large-file=\"https:\/\/i0.wp.com\/wp.ufpel.edu.br\/gehar\/files\/2019\/07\/cartaz_gehar2.jpg?fit=676%2C177&amp;ssl=1\" class=\"aligncenter size-medium wp-image-604\" src=\"https:\/\/i0.wp.com\/wp.ufpel.edu.br\/gehar\/files\/2019\/07\/cartaz_gehar2.jpg?resize=225%2C318&#038;ssl=1\" alt=\"\" width=\"225\" height=\"318\" srcset=\"https:\/\/i0.wp.com\/wp.ufpel.edu.br\/gehar\/files\/2019\/07\/cartaz_gehar2.jpg?resize=225%2C318&amp;ssl=1 225w, https:\/\/i0.wp.com\/wp.ufpel.edu.br\/gehar\/files\/2019\/07\/cartaz_gehar2.jpg?resize=112%2C159&amp;ssl=1 112w, https:\/\/i0.wp.com\/wp.ufpel.edu.br\/gehar\/files\/2019\/07\/cartaz_gehar2.jpg?resize=768%2C1086&amp;ssl=1 768w, https:\/\/i0.wp.com\/wp.ufpel.edu.br\/gehar\/files\/2019\/07\/cartaz_gehar2.jpg?resize=600%2C849&amp;ssl=1 600w, https:\/\/i0.wp.com\/wp.ufpel.edu.br\/gehar\/files\/2019\/07\/cartaz_gehar2.jpg?w=842&amp;ssl=1 842w\" sizes=\"auto, (max-width: 225px) 100vw, 225px\" \/><\/a><\/p>\n","protected":false},"excerpt":{"rendered":"<p>O GEHAr convida para o in\u00edcio das atividades de 2019\/ 2\u00ba Semestre. Os encontros s\u00e3o semanais, todas as segundas-feiras, a partir das 9:00, at\u00e9 11:00, na sala do NEPFIL, terceiro andar do pr\u00e9dio do IFISP.<\/p>\n","protected":false},"author":537,"featured_media":606,"comment_status":"closed","ping_status":"closed","sticky":false,"template":"","format":"image","meta":{"jetpack_post_was_ever_published":false,"_jetpack_newsletter_access":"","_jetpack_dont_email_post_to_subs":false,"_jetpack_newsletter_tier_id":0,"_jetpack_memberships_contains_paywalled_content":false,"_jetpack_memberships_contains_paid_content":false,"footnotes":"","jetpack_publicize_message":"","jetpack_publicize_feature_enabled":true,"jetpack_social_post_already_shared":true,"jetpack_social_options":{"image_generator_settings":{"template":"highway","default_image_id":0,"font":"","enabled":false},"version":2},"_links_to":"","_links_to_target":""},"categories":[1],"tags":[],"class_list":["post-601","post","type-post","status-publish","format-image","has-post-thumbnail","hentry","category-noticias","post_format-post-format-image"],"jetpack_publicize_connections":[],"jetpack_featured_media_url":"https:\/\/i0.wp.com\/wp.ufpel.edu.br\/gehar\/files\/2019\/07\/cartaz_gehar3.jpg?fit=1034%2C496&ssl=1","jetpack_sharing_enabled":true,"jetpack_shortlink":"https:\/\/wp.me\/paaByC-9H","jetpack-related-posts":[],"_links":{"self":[{"href":"https:\/\/wp.ufpel.edu.br\/gehar\/wp-json\/wp\/v2\/posts\/601","targetHints":{"allow":["GET"]}}],"collection":[{"href":"https:\/\/wp.ufpel.edu.br\/gehar\/wp-json\/wp\/v2\/posts"}],"about":[{"href":"https:\/\/wp.ufpel.edu.br\/gehar\/wp-json\/wp\/v2\/types\/post"}],"author":[{"embeddable":true,"href":"https:\/\/wp.ufpel.edu.br\/gehar\/wp-json\/wp\/v2\/users\/537"}],"replies":[{"embeddable":true,"href":"https:\/\/wp.ufpel.edu.br\/gehar\/wp-json\/wp\/v2\/comments?post=601"}],"version-history":[{"count":3,"href":"https:\/\/wp.ufpel.edu.br\/gehar\/wp-json\/wp\/v2\/posts\/601\/revisions"}],"predecessor-version":[{"id":607,"href":"https:\/\/wp.ufpel.edu.br\/gehar\/wp-json\/wp\/v2\/posts\/601\/revisions\/607"}],"wp:featuredmedia":[{"embeddable":true,"href":"https:\/\/wp.ufpel.edu.br\/gehar\/wp-json\/wp\/v2\/media\/606"}],"wp:attachment":[{"href":"https:\/\/wp.ufpel.edu.br\/gehar\/wp-json\/wp\/v2\/media?parent=601"}],"wp:term":[{"taxonomy":"category","embeddable":true,"href":"https:\/\/wp.ufpel.edu.br\/gehar\/wp-json\/wp\/v2\/categories?post=601"},{"taxonomy":"post_tag","embeddable":true,"href":"https:\/\/wp.ufpel.edu.br\/gehar\/wp-json\/wp\/v2\/tags?post=601"}],"curies":[{"name":"wp","href":"https:\/\/api.w.org\/{rel}","templated":true}]}}