{"id":546,"date":"2018-10-03T08:45:45","date_gmt":"2018-10-03T11:45:45","guid":{"rendered":"https:\/\/wp.ufpel.edu.br\/gehar\/?p=546"},"modified":"2018-10-03T08:50:41","modified_gmt":"2018-10-03T11:50:41","slug":"iv-congresso-latino-americano-de-estudos-humanisticos-multidisciplinares","status":"publish","type":"post","link":"https:\/\/wp.ufpel.edu.br\/gehar\/archives\/546","title":{"rendered":"3\u00ba Congresso Latino-americano de Estudos Human\u00edsticos Multidisciplinares"},"content":{"rendered":"<p>O evento que ocorrer\u00e1 na <a href=\"http:\/\/unipampa.edu.br\/jaguarao\">UNIPAMPA, Campus Jaguar\u00e3o<\/a> ter\u00e1 como tema deste ano, NOVAS PERSPECTIVAS NO CAMPO DA MULTIDISCIPLINARIEDADE: REDES , PR\u00c1TICAS E NARRATIVAS NAS INTERA\u00c7\u00d5ES ENTRE DISCIPLINAS CIENT\u00cdFICAS. E contamos com 10 Grupos de Trabalhos que est\u00e3o recebendo propostas de comunica\u00e7\u00e3o, cujas ementas est\u00e3o dispon\u00edveis no site do evento. Estes seguem abaixo:<br \/>\n<!--more--><br \/>\nGT 1- HIST\u00d3RIA, MEM\u00d3RIA E IDENTIDADES;<br \/>\nGT2 &#8211; PENSANDO O OF\u00cdCIO: REFLEX\u00d5ES SOBRE OS TRAJETOS METODOL\u00d3GICOS NAS HUMANIDADES<br \/>\nGT 3- O OLHAR HUMANIZADOR NAS RELA\u00c7\u00d5ES JUR\u00cdDICAS: A COMUNICA\u00c7\u00c3O N\u00c3O VIOLENTA COMO FERRAMENTA DE ALTERIDADE<br \/>\nGT 4- TURISMO, HOSPITALIDADE E CULTURA: OLHARES E POSSIBILIDADES<br \/>\nGT 5- EDUCA\u00c7\u00c3O E MULTIDISCIPLINARIEDADE: REDES, PR\u00c1TICAS E NARRATIVAS DAS CULTURAS CONTEMPOR\u00c2NEAS<br \/>\nGT 6- ENCONTROS E REFLEX\u00d5ES SOBRE O QUEFAZER EDUCATIVO NA EDUCA\u00c7\u00c3O DE JOVENS E ADULTOS AMBIENTAL E POPULAR EM TEMPOS DE DESGOVERNOS<br \/>\nGT 7-CULTURA, FRONTEIRA E RELA\u00c7\u00d5ES INTERNACIONAIS<br \/>\nGT 8-G\u00caNERO E FEMINISMO: ESTUDOS MULTIDISCIPLINARES ACERCA DA SEXUALIDADE<br \/>\nGT 9- HIST\u00d3RIA DENTRO E FORA DA SALA DE AULA: USOS DO PASSADO E ENSINO DE HIST\u00d3RIA<br \/>\nGT 10- FORMA\u00c7\u00c3O DE PROFESSORES: LINGUAGENS E OS DESAFIOS DA EDUCA\u00c7\u00c3O INCLUSIVA<\/p>\n<p>Pesquisadores, interessados e estudantes das grandes \u00e1reas das ci\u00eancias humanas e sociais, est\u00e3o aptos a enviar propostas para apresenta\u00e7\u00e3o nos Grupos de Trabalhos do IV Encontro Human\u00edstico Multidisciplinar e do III Congresso Latino-Americano de Estudos Human\u00edsticos Multidisciplinares. As apresenta\u00e7\u00f5es ser\u00e3o de forma oral com dura\u00e7\u00e3o de no m\u00e1ximo 15 minutos e ser\u00e3o realizadas por meio de discuss\u00e3o entre os integrantes dos GTs, priorizando o interc\u00e2mbio de informa\u00e7\u00f5es entre os autores. Cada autor pode participar de at\u00e9 02 (dois ) trabalhos, cada trabalho pode conter at\u00e9 04 (quatro) autores. O evento conta com duas modalidades de trabalhos, Resumos Simples e Artigos Completos.<\/p>\n<p>SOBRE O RESUMO SIMPLES DE INSCRI\u00c7\u00c3O<\/p>\n<p>Inicialmente todos os participantes devem submeter as propostas de trabalhos na modalidade de Resumo SIMPLES (Os resumos tem limite m\u00e1ximo de 1500 caracteres, e m\u00ednimo de 1000 (contando os espa\u00e7amentos), devendo ser escrito direto no formul\u00e1rio, n\u00e3o exigindo nenhuma formata\u00e7\u00e3o espec\u00edfica) por meio do formul\u00e1rio, posteriormente ap\u00f3s aprova\u00e7\u00e3o dos resumos submetidos, os interessados em apresentar o trabalho na modalidade de Artigo Completo dever\u00e3o submeter o arquivo.<br \/>\nPara a difus\u00e3o dos temas e debates proporcionados pelo evento, os resumos simples aceitos e apresentados durante o evento ser\u00e3o publicados na forma de Anais em E-book e receber\u00e3o c\u00f3digo ISBN.<\/p>\n<p>SOBRE A PUBLICA\u00c7\u00c3O FINAL<\/p>\n<p>Os autores que ap\u00f3s o aceite dos resumos SIMPLES enviarem seus trabalhos no formato de artigo completo e apresentarem durante o evento, depois de pr\u00e9via an\u00e1lise do artigo pelo Comit\u00ea Cient\u00edfico do evento, ser\u00e3o publicados em uma edi\u00e7\u00e3o especial da revista RELACult \u2013 Revista Latino-Americana de Estudos em Cultura e Sociedade e-ISSN 2525-7870 (relacult.claec.org\/) antiga revista Conex\u00f5es Culturais e-ISSN 2447-018X e receber\u00e3o c\u00f3digo DOI.<\/p>\n<p>SOBRE AS TAXAS: <a href=\"https:\/\/claec.org\/ehm\/taxas-de-inscricao\/\">https:\/\/claec.org\/ehm\/taxas-de-inscricao\/<\/a><\/p>\n<p>MAIS INFORMA\u00c7\u00d5ES PARA COMUNICADORES: <a href=\"https:\/\/claec.org\/ehm\/comunicadores\/\">https:\/\/claec.org\/ehm\/comunicadores\/<\/a><\/p>\n","protected":false},"excerpt":{"rendered":"<p>O evento que ocorrer\u00e1 na UNIPAMPA, Campus Jaguar\u00e3o ter\u00e1 como tema deste ano, NOVAS PERSPECTIVAS NO CAMPO DA MULTIDISCIPLINARIEDADE: REDES , PR\u00c1TICAS E NARRATIVAS NAS INTERA\u00c7\u00d5ES ENTRE DISCIPLINAS CIENT\u00cdFICAS. E contamos com 10 Grupos de Trabalhos que est\u00e3o recebendo propostas&#8230; <a class=\"more-link\" href=\"https:\/\/wp.ufpel.edu.br\/gehar\/archives\/546\">Continue lendo &rarr;<\/a><\/p>\n","protected":false},"author":537,"featured_media":548,"comment_status":"closed","ping_status":"closed","sticky":false,"template":"","format":"image","meta":{"jetpack_post_was_ever_published":false,"_jetpack_newsletter_access":"","_jetpack_dont_email_post_to_subs":false,"_jetpack_newsletter_tier_id":0,"_jetpack_memberships_contains_paywalled_content":false,"_jetpack_memberships_contains_paid_content":false,"footnotes":"","jetpack_publicize_message":"","jetpack_publicize_feature_enabled":true,"jetpack_social_post_already_shared":true,"jetpack_social_options":{"image_generator_settings":{"template":"highway","default_image_id":0,"font":"","enabled":false},"version":2},"_links_to":"","_links_to_target":""},"categories":[1],"tags":[7],"class_list":["post-546","post","type-post","status-publish","format-image","has-post-thumbnail","hentry","category-noticias","tag-eventos","post_format-post-format-image"],"jetpack_publicize_connections":[],"jetpack_featured_media_url":"https:\/\/i0.wp.com\/wp.ufpel.edu.br\/gehar\/files\/2018\/10\/5bae6f8cbbddbd4f124eda44.png?fit=1588%2C853&ssl=1","jetpack_sharing_enabled":true,"jetpack_shortlink":"https:\/\/wp.me\/paaByC-8O","jetpack-related-posts":[],"_links":{"self":[{"href":"https:\/\/wp.ufpel.edu.br\/gehar\/wp-json\/wp\/v2\/posts\/546","targetHints":{"allow":["GET"]}}],"collection":[{"href":"https:\/\/wp.ufpel.edu.br\/gehar\/wp-json\/wp\/v2\/posts"}],"about":[{"href":"https:\/\/wp.ufpel.edu.br\/gehar\/wp-json\/wp\/v2\/types\/post"}],"author":[{"embeddable":true,"href":"https:\/\/wp.ufpel.edu.br\/gehar\/wp-json\/wp\/v2\/users\/537"}],"replies":[{"embeddable":true,"href":"https:\/\/wp.ufpel.edu.br\/gehar\/wp-json\/wp\/v2\/comments?post=546"}],"version-history":[{"count":5,"href":"https:\/\/wp.ufpel.edu.br\/gehar\/wp-json\/wp\/v2\/posts\/546\/revisions"}],"predecessor-version":[{"id":553,"href":"https:\/\/wp.ufpel.edu.br\/gehar\/wp-json\/wp\/v2\/posts\/546\/revisions\/553"}],"wp:featuredmedia":[{"embeddable":true,"href":"https:\/\/wp.ufpel.edu.br\/gehar\/wp-json\/wp\/v2\/media\/548"}],"wp:attachment":[{"href":"https:\/\/wp.ufpel.edu.br\/gehar\/wp-json\/wp\/v2\/media?parent=546"}],"wp:term":[{"taxonomy":"category","embeddable":true,"href":"https:\/\/wp.ufpel.edu.br\/gehar\/wp-json\/wp\/v2\/categories?post=546"},{"taxonomy":"post_tag","embeddable":true,"href":"https:\/\/wp.ufpel.edu.br\/gehar\/wp-json\/wp\/v2\/tags?post=546"}],"curies":[{"name":"wp","href":"https:\/\/api.w.org\/{rel}","templated":true}]}}