{"id":391,"date":"2018-08-08T11:03:28","date_gmt":"2018-08-08T14:03:28","guid":{"rendered":"https:\/\/wp.ufpel.edu.br\/gehar\/?p=391"},"modified":"2018-08-08T11:04:53","modified_gmt":"2018-08-08T14:04:53","slug":"xviii-encontro-nacional-da-anpof","status":"publish","type":"post","link":"https:\/\/wp.ufpel.edu.br\/gehar\/archives\/391","title":{"rendered":"XVIII Encontro Nacional da ANPOF"},"content":{"rendered":"<p>A ANPOF realizar\u00e1 de 22 a 26 de outubro seu XVIII Encontro Nacional em Vit\u00f3ria, no Campus\u00a0Goiabeiras, da Universidade Federal do Esp\u00edrito Santo. As inscri\u00e7\u00f5es para o evento ter\u00e3o in\u00edcio\u00a0hoje, <strong>26 de fevereiro<\/strong>, e obedecer\u00e3o a um cronograma divulgado na p\u00e1gina do evento no\u00a0portal da ANPOF. A data final para submiss\u00e3o de trabalhos \u00e9 o dia <strong>07 de maio<\/strong>. A partir do dia\u00a008 de maio os valores das inscri\u00e7\u00f5es das diversas categorias de participantes ser\u00e3o\u00a0gradativamente elevados at\u00e9 pr\u00f3ximo ao in\u00edcio do evento.<\/p>\n<p>mais informa\u00e7\u00f5es no <a href=\"http:\/\/anpof.org\/portal\/index.php\/pt-BR\/encontros\/xviii-encontro-nacional-da-anpof\/1522-apresentacao-do-xviii-encontro-nacional-da-anpof\">site do evento<\/a><\/p>\n","protected":false},"excerpt":{"rendered":"<p>A ANPOF realizar\u00e1 de 22 a 26 de outubro seu XVIII Encontro Nacional em Vit\u00f3ria, no Campus\u00a0Goiabeiras, da Universidade Federal do Esp\u00edrito Santo. As inscri\u00e7\u00f5es para o evento ter\u00e3o in\u00edcio\u00a0hoje, 26 de fevereiro, e obedecer\u00e3o a um cronograma divulgado na&#8230; <a class=\"more-link\" href=\"https:\/\/wp.ufpel.edu.br\/gehar\/archives\/391\">Continue lendo &rarr;<\/a><\/p>\n","protected":false},"author":537,"featured_media":393,"comment_status":"closed","ping_status":"closed","sticky":false,"template":"","format":"image","meta":{"jetpack_post_was_ever_published":false,"_jetpack_newsletter_access":"","_jetpack_dont_email_post_to_subs":false,"_jetpack_newsletter_tier_id":0,"_jetpack_memberships_contains_paywalled_content":false,"_jetpack_memberships_contains_paid_content":false,"footnotes":"","jetpack_publicize_message":"","jetpack_publicize_feature_enabled":true,"jetpack_social_post_already_shared":false,"jetpack_social_options":{"image_generator_settings":{"template":"highway","default_image_id":0,"font":"","enabled":false},"version":2},"_links_to":"","_links_to_target":""},"categories":[1],"tags":[],"class_list":["post-391","post","type-post","status-publish","format-image","has-post-thumbnail","hentry","category-noticias","post_format-post-format-image"],"jetpack_publicize_connections":[],"jetpack_featured_media_url":"https:\/\/i0.wp.com\/wp.ufpel.edu.br\/gehar\/files\/2018\/08\/banner_anpof-xviii.jpg?fit=485%2C149&ssl=1","jetpack_sharing_enabled":true,"jetpack_shortlink":"https:\/\/wp.me\/paaByC-6j","jetpack-related-posts":[],"_links":{"self":[{"href":"https:\/\/wp.ufpel.edu.br\/gehar\/wp-json\/wp\/v2\/posts\/391","targetHints":{"allow":["GET"]}}],"collection":[{"href":"https:\/\/wp.ufpel.edu.br\/gehar\/wp-json\/wp\/v2\/posts"}],"about":[{"href":"https:\/\/wp.ufpel.edu.br\/gehar\/wp-json\/wp\/v2\/types\/post"}],"author":[{"embeddable":true,"href":"https:\/\/wp.ufpel.edu.br\/gehar\/wp-json\/wp\/v2\/users\/537"}],"replies":[{"embeddable":true,"href":"https:\/\/wp.ufpel.edu.br\/gehar\/wp-json\/wp\/v2\/comments?post=391"}],"version-history":[{"count":3,"href":"https:\/\/wp.ufpel.edu.br\/gehar\/wp-json\/wp\/v2\/posts\/391\/revisions"}],"predecessor-version":[{"id":396,"href":"https:\/\/wp.ufpel.edu.br\/gehar\/wp-json\/wp\/v2\/posts\/391\/revisions\/396"}],"wp:featuredmedia":[{"embeddable":true,"href":"https:\/\/wp.ufpel.edu.br\/gehar\/wp-json\/wp\/v2\/media\/393"}],"wp:attachment":[{"href":"https:\/\/wp.ufpel.edu.br\/gehar\/wp-json\/wp\/v2\/media?parent=391"}],"wp:term":[{"taxonomy":"category","embeddable":true,"href":"https:\/\/wp.ufpel.edu.br\/gehar\/wp-json\/wp\/v2\/categories?post=391"},{"taxonomy":"post_tag","embeddable":true,"href":"https:\/\/wp.ufpel.edu.br\/gehar\/wp-json\/wp\/v2\/tags?post=391"}],"curies":[{"name":"wp","href":"https:\/\/api.w.org\/{rel}","templated":true}]}}