{"id":4566,"date":"2024-11-06T15:15:15","date_gmt":"2024-11-06T18:15:15","guid":{"rendered":"https:\/\/wp.ufpel.edu.br\/gegradi\/?p=4566"},"modified":"2025-03-19T13:17:11","modified_gmt":"2025-03-19T16:17:11","slug":"4566-2","status":"publish","type":"post","link":"https:\/\/wp.ufpel.edu.br\/gegradi\/4566-2\/","title":{"rendered":"Destaques de novembro 2024"},"content":{"rendered":"<p><img class=\"alignleft size-medium wp-image-4569\" src=\"https:\/\/wp.ufpel.edu.br\/gegradi\/files\/2024\/11\/Branko-400x400.jpeg\" alt=\"\" width=\"400\" height=\"400\" srcset=\"https:\/\/wp.ufpel.edu.br\/gegradi\/files\/2024\/11\/Branko-400x400.jpeg 400w, https:\/\/wp.ufpel.edu.br\/gegradi\/files\/2024\/11\/Branko-1024x1024.jpeg 1024w, https:\/\/wp.ufpel.edu.br\/gegradi\/files\/2024\/11\/Branko-200x200.jpeg 200w, https:\/\/wp.ufpel.edu.br\/gegradi\/files\/2024\/11\/Branko-768x768.jpeg 768w, https:\/\/wp.ufpel.edu.br\/gegradi\/files\/2024\/11\/Branko.jpeg 1080w\" sizes=\"(max-width: 400px) 100vw, 400px\" \/><\/p>\n<p><img class=\"alignleft size-medium wp-image-4568\" src=\"https:\/\/wp.ufpel.edu.br\/gegradi\/files\/2024\/11\/Francisco-400x400.jpeg\" alt=\"\" width=\"400\" height=\"400\" srcset=\"https:\/\/wp.ufpel.edu.br\/gegradi\/files\/2024\/11\/Francisco-400x400.jpeg 400w, https:\/\/wp.ufpel.edu.br\/gegradi\/files\/2024\/11\/Francisco-1024x1024.jpeg 1024w, https:\/\/wp.ufpel.edu.br\/gegradi\/files\/2024\/11\/Francisco-200x200.jpeg 200w, https:\/\/wp.ufpel.edu.br\/gegradi\/files\/2024\/11\/Francisco-768x768.jpeg 768w, https:\/\/wp.ufpel.edu.br\/gegradi\/files\/2024\/11\/Francisco.jpeg 1080w\" sizes=\"(max-width: 400px) 100vw, 400px\" \/><\/p>\n<p>&nbsp;<\/p>\n<p>&nbsp;<\/p>\n<p>&nbsp;<\/p>\n<p>&nbsp;<\/p>\n<p>&nbsp;<\/p>\n<p>&nbsp;<\/p>\n<p>&nbsp;<\/p>\n<p>&nbsp;<\/p>\n<p>&nbsp;<\/p>\n<p>&nbsp;<\/p>\n<p><span style=\"color: var(--cor-texto); font-family: var(--fonte-corpo);\">Nestes dias 06 e 07 de novembro de 2024 teremos dois pr\u00e9 eventos do GRAPHICA, que ser\u00e3o as lives de Branko Kolarevic, sobre IA Generativa na Educa\u00e7\u00e3o do Design e de Francisco Ser\u00f3n Arbeloa, sobre Desafios Pendentes para os Sistemas Inteligentes. \u00c0s 19h e 14h respectivamente.<\/span><\/p>\n<p>Link para o site do GRAPHICA, clique <span style=\"color: #0000ff;\"><em><a style=\"color: #0000ff;\" href=\"https:\/\/wp.ufpel.edu.br\/graphica2024\/\">aqui.<\/a><\/em><\/span><\/p>\n<p>Link para a palestra sobre &#8220;IA Generativa na Educa\u00e7\u00e3o do Design&#8221;, clique <span style=\"color: #0000ff;\"><em><a style=\"color: #0000ff;\" href=\"https:\/\/youtu.be\/jkniVV_aQww\">aqui.<\/a><\/em><\/span><\/p>\n<p>Link para a palestra sobre &#8220;Desafios Pendentes para os Sistemas Inteligentes&#8221;, clique <span style=\"color: #0000ff;\"><em><a style=\"color: #0000ff;\" href=\"https:\/\/youtu.be\/Gr-zGeYjPGE\">aqui<\/a>.<\/em><\/span><\/p>\n","protected":false},"excerpt":{"rendered":"<p>&nbsp; &nbsp; &nbsp; &nbsp; &nbsp; &nbsp; &nbsp; &nbsp; &nbsp; &nbsp; Nestes dias 06 e 07 de novembro de 2024 teremos dois pr\u00e9 eventos do GRAPHICA, que ser\u00e3o as lives de Branko Kolarevic, sobre IA Generativa na Educa\u00e7\u00e3o do Design e de Francisco Ser\u00f3n Arbeloa, sobre Desafios Pendentes para os Sistemas Inteligentes. \u00c0s 19h e 14h [&hellip;]<\/p>\n","protected":false},"author":263,"featured_media":4569,"comment_status":"closed","ping_status":"closed","sticky":false,"template":"","format":"standard","meta":{"_jetpack_memberships_contains_paid_content":false,"footnotes":""},"categories":[59,18,5],"tags":[47252,47192,47167,47191,47251,47047,47253],"class_list":["post-4566","post","type-post","status-publish","format-standard","has-post-thumbnail","hentry","category-destaques","category-sem-categoria","category-projetos","tag-branko","tag-francisco","tag-grafica","tag-graphica","tag-ia","tag-inteligencia-artificial","tag-sistemas-inteligentes"],"jetpack_featured_media_url":"https:\/\/wp.ufpel.edu.br\/gegradi\/files\/2024\/11\/Branko.jpeg","jetpack_sharing_enabled":true,"_links":{"self":[{"href":"https:\/\/wp.ufpel.edu.br\/gegradi\/wp-json\/wp\/v2\/posts\/4566","targetHints":{"allow":["GET"]}}],"collection":[{"href":"https:\/\/wp.ufpel.edu.br\/gegradi\/wp-json\/wp\/v2\/posts"}],"about":[{"href":"https:\/\/wp.ufpel.edu.br\/gegradi\/wp-json\/wp\/v2\/types\/post"}],"author":[{"embeddable":true,"href":"https:\/\/wp.ufpel.edu.br\/gegradi\/wp-json\/wp\/v2\/users\/263"}],"replies":[{"embeddable":true,"href":"https:\/\/wp.ufpel.edu.br\/gegradi\/wp-json\/wp\/v2\/comments?post=4566"}],"version-history":[{"count":7,"href":"https:\/\/wp.ufpel.edu.br\/gegradi\/wp-json\/wp\/v2\/posts\/4566\/revisions"}],"predecessor-version":[{"id":4597,"href":"https:\/\/wp.ufpel.edu.br\/gegradi\/wp-json\/wp\/v2\/posts\/4566\/revisions\/4597"}],"wp:featuredmedia":[{"embeddable":true,"href":"https:\/\/wp.ufpel.edu.br\/gegradi\/wp-json\/wp\/v2\/media\/4569"}],"wp:attachment":[{"href":"https:\/\/wp.ufpel.edu.br\/gegradi\/wp-json\/wp\/v2\/media?parent=4566"}],"wp:term":[{"taxonomy":"category","embeddable":true,"href":"https:\/\/wp.ufpel.edu.br\/gegradi\/wp-json\/wp\/v2\/categories?post=4566"},{"taxonomy":"post_tag","embeddable":true,"href":"https:\/\/wp.ufpel.edu.br\/gegradi\/wp-json\/wp\/v2\/tags?post=4566"}],"curies":[{"name":"wp","href":"https:\/\/api.w.org\/{rel}","templated":true}]}}