{"id":4398,"date":"2023-11-16T18:18:04","date_gmt":"2023-11-16T21:18:04","guid":{"rendered":"https:\/\/wp.ufpel.edu.br\/gegradi\/?p=4398"},"modified":"2023-11-16T18:21:01","modified_gmt":"2023-11-16T21:21:01","slug":"oficina-de-gemeos-digitais","status":"publish","type":"post","link":"https:\/\/wp.ufpel.edu.br\/gegradi\/oficina-de-gemeos-digitais\/","title":{"rendered":"Oficina de G\u00eameos Digitais"},"content":{"rendered":"<p>Oficina de G\u00eameos digitais aplicados \u00e0 arquitetura e urbanismo &#8211; coleta e transmiss\u00e3o de dados.<br \/>\nRealizada em 15\/11\/2023.<br \/>\nCom Prof. Dr. Carlos Vaz.<\/p>\n<p style=\"text-align: justify;\">Workshop SBQP 2023 &#8211; UFPEL\/FAUrb<\/p>\n<p>Prof. Dr. Carlos Eduardo Verzola Vaz (UFSC\/CTC &#8211; Depto de Arquitetura e Urbanismo)<br \/>\nPossui gradua\u00e7\u00e3o em Arquitetura e Urbanismo pela Universidade de S\u00e3o Paulo (2003) e mestrado e doutorado em Engenharia Civil pela Universidade Estadual de Campinas (UNICAMP). Foi professor adjunto II da Universidade Federal de Pernambuco, no departamento de Express\u00e3o Gr\u00e1fica, e, atualmente, \u00e9 docente no Departamento de Arquitetura e Urbanismo da Universidade Federal de Santa Catarina. Tem experi\u00eancia na \u00e1rea de Arquitetura e Urbanismo, com \u00eanfase em conceitua\u00e7\u00e3o e metodologia de projeto, atuando principalmente nos seguintes temas: a l\u00f3gica no processo de projeto e estrat\u00e9gias computacionais aplicadas para a gera\u00e7\u00e3o, simula\u00e7\u00e3o e prototipagem (eletr\u00f4nica) em arquitetura e urbanismo. Desenvolve pesquisas relacionadas \u00e0 utiliza\u00e7\u00e3o de tecnologias computacionais aplicadas ao ensino e projeto de arquitetura paisag\u00edstica e an\u00e1lise p\u00f3s ocupa\u00e7\u00e3o de espa\u00e7os livres.<\/p>\n<p style=\"text-align: justify;\"><strong><em>Cronograma:<\/em><\/strong><br \/>\nQuarta-feira, 15\/11:<br \/>\n09h00 &#8211; 12h00: Introdu\u00e7\u00e3o \u00e0 Oficina, conceitua\u00e7\u00e3o de g\u00eameos digitais, camadas de coleta e transmiss\u00e3o de dados, apresenta\u00e7\u00e3o dos materiais e plataforma de desenvolvimento.<br \/>\nUso do Arduino e M\u00f3dulo NRF24: Explora\u00e7\u00e3o das capacidades do Arduino como plataforma de desenvolvimento para g\u00eameos digitais. Introdu\u00e7\u00e3o ao m\u00f3dulo NRF24 para comunica\u00e7\u00e3o sem fio de curto alcance, destacando sua relev\u00e2ncia na arquitetura e urbanismo.<br \/>\n14h00 &#8211; 17h00: Experimenta\u00e7\u00e3o com sensores, cria\u00e7\u00e3o de uma rede de transmiss\u00e3o de dados de curta dist\u00e2ncia e implementa\u00e7\u00e3o.<br \/>\nAplica\u00e7\u00e3o pr\u00e1tica do Arduino e M\u00f3dulo NRF24: Guia pr\u00e1tico sobre a implementa\u00e7\u00e3o eficaz do Arduino e do m\u00f3dulo NRF24 na coleta e transmiss\u00e3o de dados para projetos arquitet\u00f4nicos e urban\u00edsticos.<br \/>\nExerc\u00edcios pr\u00e1ticos para consolidar o aprendizado.<\/p>\n<p>Vagas: Livre<\/p>\n","protected":false},"excerpt":{"rendered":"<p>Oficina de G\u00eameos digitais aplicados \u00e0 arquitetura e urbanismo &#8211; coleta e transmiss\u00e3o de dados. Realizada em 15\/11\/2023. Com Prof. Dr. Carlos Vaz. Workshop SBQP 2023 &#8211; UFPEL\/FAUrb Prof. Dr. Carlos Eduardo Verzola Vaz (UFSC\/CTC &#8211; Depto de Arquitetura e Urbanismo) Possui gradua\u00e7\u00e3o em Arquitetura e Urbanismo pela Universidade de S\u00e3o Paulo (2003) e mestrado [&hellip;]<\/p>\n","protected":false},"author":263,"featured_media":0,"comment_status":"closed","ping_status":"closed","sticky":false,"template":"","format":"standard","meta":{"_jetpack_memberships_contains_paid_content":false,"footnotes":""},"categories":[59,18,58,5],"tags":[46930,47204,46970,47198,47206,46938,47207,47205],"class_list":["post-4398","post","type-post","status-publish","format-standard","hentry","category-destaques","category-sem-categoria","category-oficinas","category-projetos","tag-arduino","tag-carlos","tag-digitais","tag-gemeos","tag-nrf24","tag-oficina","tag-sensores","tag-vaz"],"jetpack_featured_media_url":"","jetpack_sharing_enabled":true,"_links":{"self":[{"href":"https:\/\/wp.ufpel.edu.br\/gegradi\/wp-json\/wp\/v2\/posts\/4398","targetHints":{"allow":["GET"]}}],"collection":[{"href":"https:\/\/wp.ufpel.edu.br\/gegradi\/wp-json\/wp\/v2\/posts"}],"about":[{"href":"https:\/\/wp.ufpel.edu.br\/gegradi\/wp-json\/wp\/v2\/types\/post"}],"author":[{"embeddable":true,"href":"https:\/\/wp.ufpel.edu.br\/gegradi\/wp-json\/wp\/v2\/users\/263"}],"replies":[{"embeddable":true,"href":"https:\/\/wp.ufpel.edu.br\/gegradi\/wp-json\/wp\/v2\/comments?post=4398"}],"version-history":[{"count":3,"href":"https:\/\/wp.ufpel.edu.br\/gegradi\/wp-json\/wp\/v2\/posts\/4398\/revisions"}],"predecessor-version":[{"id":4402,"href":"https:\/\/wp.ufpel.edu.br\/gegradi\/wp-json\/wp\/v2\/posts\/4398\/revisions\/4402"}],"wp:attachment":[{"href":"https:\/\/wp.ufpel.edu.br\/gegradi\/wp-json\/wp\/v2\/media?parent=4398"}],"wp:term":[{"taxonomy":"category","embeddable":true,"href":"https:\/\/wp.ufpel.edu.br\/gegradi\/wp-json\/wp\/v2\/categories?post=4398"},{"taxonomy":"post_tag","embeddable":true,"href":"https:\/\/wp.ufpel.edu.br\/gegradi\/wp-json\/wp\/v2\/tags?post=4398"}],"curies":[{"name":"wp","href":"https:\/\/api.w.org\/{rel}","templated":true}]}}