{"id":4339,"date":"2023-11-08T15:38:20","date_gmt":"2023-11-08T18:38:20","guid":{"rendered":"https:\/\/wp.ufpel.edu.br\/gegradi\/?p=4339"},"modified":"2023-11-08T15:40:24","modified_gmt":"2023-11-08T18:40:24","slug":"sbqp-em-pelotas","status":"publish","type":"post","link":"https:\/\/wp.ufpel.edu.br\/gegradi\/sbqp-em-pelotas\/","title":{"rendered":"SBQP em Pelotas"},"content":{"rendered":"<p>SBQP 2023 &#8211; Simp\u00f3sio Brasileiro de Qualidade do Projeto no ambiente constru\u00eddo.<br \/>\nDe 16 a 18 de novembro de 2023.<\/p>\n<p>Onde? Em Pelotas, RS.<br \/>\nO local do evento ser\u00e1 no CEHUS | Centro de P\u00f3s-Gradua\u00e7\u00e3o e Pesquisas em Ci\u00eancias Humanas, Sociais, Sociais Aplicadas, Artes e Linguagem, no endere\u00e7o rua Cel. Alberto Rosa, 117<\/p>\n<p>Temas emergentes: Sustentabilidade e responsabilidade social no projeto.<\/p>\n<div>Temas do VIII SBQP:<\/div>\n<div>Agentes\/ Gest\u00e3o e processo de projeto.<\/div>\n<div>Pr\u00e1tica\/ Atua\u00e7\u00e3o profissional e valoriza\u00e7\u00e3o do projeto.<\/div>\n<div>Tecnologia\/ Integra\u00e7\u00e3o da informa\u00e7\u00e3o no projeto.<\/div>\n<div>Desempenho\/ Processos avaliativos: do projeto \u00e0 p\u00f3s-ocupa\u00e7\u00e3o.<\/div>\n<div>Academia\/ Ensino e cr\u00edtica do projeto.<\/div>\n<div>Agenda\/ Sustentabilidade, efici\u00eancia e qualidade no projeto.<\/div>\n<div>Sociedade\/ Assessoria e assist\u00eancia t\u00e9cnica e qualidade no projeto.<\/div>\n<div><\/div>\n<div>Em <span style=\"color: #333399; background-color: #ffffff;\"><em><a style=\"color: #333399; background-color: #ffffff;\" href=\"https:\/\/wp.ufpel.edu.br\/sbqp2023\/\">https:\/\/wp.ufpel.edu.br\/sbqp2023\/<\/a><br \/>\n<span style=\"color: #808080;\">Fa\u00e7a sua inscri\u00e7\u00e3o no endere\u00e7o acima.<\/span><\/em><\/span><\/div>\n","protected":false},"excerpt":{"rendered":"<p>SBQP 2023 &#8211; Simp\u00f3sio Brasileiro de Qualidade do Projeto no ambiente constru\u00eddo. De 16 a 18 de novembro de 2023. Onde? Em Pelotas, RS. O local do evento ser\u00e1 no CEHUS | Centro de P\u00f3s-Gradua\u00e7\u00e3o e Pesquisas em Ci\u00eancias Humanas, Sociais, Sociais Aplicadas, Artes e Linguagem, no endere\u00e7o rua Cel. Alberto Rosa, 117 Temas emergentes: [&hellip;]<\/p>\n","protected":false},"author":263,"featured_media":0,"comment_status":"closed","ping_status":"closed","sticky":false,"template":"","format":"standard","meta":{"_jetpack_memberships_contains_paid_content":false,"footnotes":""},"categories":[18,5],"tags":[47185,47200,47201,47196],"class_list":["post-4339","post","type-post","status-publish","format-standard","hentry","category-sem-categoria","category-projetos","tag-evento","tag-pelotas","tag-prograu","tag-sbqp"],"jetpack_featured_media_url":"","jetpack_sharing_enabled":true,"_links":{"self":[{"href":"https:\/\/wp.ufpel.edu.br\/gegradi\/wp-json\/wp\/v2\/posts\/4339","targetHints":{"allow":["GET"]}}],"collection":[{"href":"https:\/\/wp.ufpel.edu.br\/gegradi\/wp-json\/wp\/v2\/posts"}],"about":[{"href":"https:\/\/wp.ufpel.edu.br\/gegradi\/wp-json\/wp\/v2\/types\/post"}],"author":[{"embeddable":true,"href":"https:\/\/wp.ufpel.edu.br\/gegradi\/wp-json\/wp\/v2\/users\/263"}],"replies":[{"embeddable":true,"href":"https:\/\/wp.ufpel.edu.br\/gegradi\/wp-json\/wp\/v2\/comments?post=4339"}],"version-history":[{"count":4,"href":"https:\/\/wp.ufpel.edu.br\/gegradi\/wp-json\/wp\/v2\/posts\/4339\/revisions"}],"predecessor-version":[{"id":4342,"href":"https:\/\/wp.ufpel.edu.br\/gegradi\/wp-json\/wp\/v2\/posts\/4339\/revisions\/4342"}],"wp:attachment":[{"href":"https:\/\/wp.ufpel.edu.br\/gegradi\/wp-json\/wp\/v2\/media?parent=4339"}],"wp:term":[{"taxonomy":"category","embeddable":true,"href":"https:\/\/wp.ufpel.edu.br\/gegradi\/wp-json\/wp\/v2\/categories?post=4339"},{"taxonomy":"post_tag","embeddable":true,"href":"https:\/\/wp.ufpel.edu.br\/gegradi\/wp-json\/wp\/v2\/tags?post=4339"}],"curies":[{"name":"wp","href":"https:\/\/api.w.org\/{rel}","templated":true}]}}