{"id":3991,"date":"2022-07-12T15:40:40","date_gmt":"2022-07-12T18:40:40","guid":{"rendered":"https:\/\/wp.ufpel.edu.br\/gegradi\/?p=3991"},"modified":"2022-07-12T15:41:27","modified_gmt":"2022-07-12T18:41:27","slug":"conversas-2022-gegradi","status":"publish","type":"post","link":"https:\/\/wp.ufpel.edu.br\/gegradi\/conversas-2022-gegradi\/","title":{"rendered":"Conversas 2022 Gegradi"},"content":{"rendered":"<p>Olhem as conversas j\u00e1 realizadas nesse ano!<br \/>\nPodem ser acessadas na p\u00e1gina.<br \/>\nLink na imagem abaixo.<br \/>\nEst\u00e3o dispon\u00edveis no canal do YouTube do Prograu.<\/p>\n<p><a href=\"https:\/\/wp.ufpel.edu.br\/gegradi\/conversas\/\"><img class=\"alignleft size-full wp-image-3993\" src=\"https:\/\/wp.ufpel.edu.br\/gegradi\/files\/2022\/07\/nuvem-de-palavras-2022.jpg\" alt=\"\" width=\"1362\" height=\"720\" srcset=\"https:\/\/wp.ufpel.edu.br\/gegradi\/files\/2022\/07\/nuvem-de-palavras-2022.jpg 1362w, https:\/\/wp.ufpel.edu.br\/gegradi\/files\/2022\/07\/nuvem-de-palavras-2022-400x211.jpg 400w, https:\/\/wp.ufpel.edu.br\/gegradi\/files\/2022\/07\/nuvem-de-palavras-2022-1024x541.jpg 1024w, https:\/\/wp.ufpel.edu.br\/gegradi\/files\/2022\/07\/nuvem-de-palavras-2022-768x406.jpg 768w\" sizes=\"(max-width: 1362px) 100vw, 1362px\" \/><\/a><\/p>\n<p>&nbsp;<\/p>\n<p>&nbsp;<\/p>\n","protected":false},"excerpt":{"rendered":"<p>Olhem as conversas j\u00e1 realizadas nesse ano! Podem ser acessadas na p\u00e1gina. Link na imagem abaixo. Est\u00e3o dispon\u00edveis no canal do YouTube do Prograu. &nbsp; &nbsp;<\/p>\n","protected":false},"author":263,"featured_media":3993,"comment_status":"closed","ping_status":"closed","sticky":false,"template":"","format":"standard","meta":{"_jetpack_memberships_contains_paid_content":false,"footnotes":""},"categories":[46940,59,18,58,5],"tags":[47147,46935,47146,46941],"class_list":["post-3991","post","type-post","status-publish","format-standard","has-post-thumbnail","hentry","category-conversas","category-destaques","category-sem-categoria","category-oficinas","category-projetos","tag-47147","tag-arquitetura","tag-bim","tag-conversas"],"jetpack_featured_media_url":"https:\/\/wp.ufpel.edu.br\/gegradi\/files\/2022\/07\/nuvem-de-palavras-2022.jpg","jetpack_sharing_enabled":true,"_links":{"self":[{"href":"https:\/\/wp.ufpel.edu.br\/gegradi\/wp-json\/wp\/v2\/posts\/3991","targetHints":{"allow":["GET"]}}],"collection":[{"href":"https:\/\/wp.ufpel.edu.br\/gegradi\/wp-json\/wp\/v2\/posts"}],"about":[{"href":"https:\/\/wp.ufpel.edu.br\/gegradi\/wp-json\/wp\/v2\/types\/post"}],"author":[{"embeddable":true,"href":"https:\/\/wp.ufpel.edu.br\/gegradi\/wp-json\/wp\/v2\/users\/263"}],"replies":[{"embeddable":true,"href":"https:\/\/wp.ufpel.edu.br\/gegradi\/wp-json\/wp\/v2\/comments?post=3991"}],"version-history":[{"count":2,"href":"https:\/\/wp.ufpel.edu.br\/gegradi\/wp-json\/wp\/v2\/posts\/3991\/revisions"}],"predecessor-version":[{"id":3995,"href":"https:\/\/wp.ufpel.edu.br\/gegradi\/wp-json\/wp\/v2\/posts\/3991\/revisions\/3995"}],"wp:featuredmedia":[{"embeddable":true,"href":"https:\/\/wp.ufpel.edu.br\/gegradi\/wp-json\/wp\/v2\/media\/3993"}],"wp:attachment":[{"href":"https:\/\/wp.ufpel.edu.br\/gegradi\/wp-json\/wp\/v2\/media?parent=3991"}],"wp:term":[{"taxonomy":"category","embeddable":true,"href":"https:\/\/wp.ufpel.edu.br\/gegradi\/wp-json\/wp\/v2\/categories?post=3991"},{"taxonomy":"post_tag","embeddable":true,"href":"https:\/\/wp.ufpel.edu.br\/gegradi\/wp-json\/wp\/v2\/tags?post=3991"}],"curies":[{"name":"wp","href":"https:\/\/api.w.org\/{rel}","templated":true}]}}