{"id":2874,"date":"2021-02-23T22:57:06","date_gmt":"2021-02-24T01:57:06","guid":{"rendered":"https:\/\/wp.ufpel.edu.br\/gegradi\/?p=2874"},"modified":"2021-02-26T02:43:41","modified_gmt":"2021-02-26T05:43:41","slug":"gegradi-conversa-com-gilfranco-alves","status":"publish","type":"post","link":"https:\/\/wp.ufpel.edu.br\/gegradi\/gegradi-conversa-com-gilfranco-alves\/","title":{"rendered":"GEGRADI conversa com Gilfranco Alves"},"content":{"rendered":"<p><a href=\"https:\/\/youtu.be\/RzQVYaHYRMY\" target=\"_blank\" rel=\"noopener noreferrer\"><img class=\"alignleft wp-image-2885 size-full\" src=\"https:\/\/wp.ufpel.edu.br\/gegradi\/files\/2021\/02\/gilfranco-final.png\" alt=\"\" width=\"2560\" height=\"1440\" srcset=\"https:\/\/wp.ufpel.edu.br\/gegradi\/files\/2021\/02\/gilfranco-final.png 2560w, https:\/\/wp.ufpel.edu.br\/gegradi\/files\/2021\/02\/gilfranco-final-400x225.png 400w, https:\/\/wp.ufpel.edu.br\/gegradi\/files\/2021\/02\/gilfranco-final-1024x576.png 1024w, https:\/\/wp.ufpel.edu.br\/gegradi\/files\/2021\/02\/gilfranco-final-768x432.png 768w, https:\/\/wp.ufpel.edu.br\/gegradi\/files\/2021\/02\/gilfranco-final-1536x864.png 1536w, https:\/\/wp.ufpel.edu.br\/gegradi\/files\/2021\/02\/gilfranco-final-2048x1152.png 2048w\" sizes=\"(max-width: 2560px) 100vw, 2560px\" \/><\/a><\/p>\n<p>Venham participar da conversa, ser\u00e1 dia 03 de mar\u00e7o <em><span style=\"color: #808080\">(alterado)<\/span><\/em>, no canal do Prograu no YouTbe.<br \/>\n\u00c0s 18h!<br \/>\n<em><span style=\"color: #808080\">Link para acesso clicando na imagem acima.<\/span><\/em><\/p>\n<p>&nbsp;<\/p>\n<p>Gil possui gradua\u00e7\u00e3o em Arquitetura e Urbanismo pela UFPEL Universidade Federal de Pelotas-RS (1994), Especializa\u00e7\u00e3o em Design de Interiores pela UNIDERP Universidade para o Desenvolvimento do Estado e da Regi\u00e3o do Pantanal (2006), Mestrado em Estudos de Linguagens pela UFMS Universidade Federal de Mato Grosso do Sul (2009) e Doutorado (bolsista FAPESP) pelo Programa de P\u00f3s-Gradua\u00e7\u00e3o em Arquitetura e Urbanismo do IAU &#8211; USP S\u00e3o Carlos (2014), per\u00edodo em que foi pesquisador do Nomads. USP e do Hyperbody (TU Delft).<\/p>\n<p>\u00c9 atualmente coordenador do grupo de pesquisa algo+ritmo da UFMS e Professor Adjunto na Universidade Federal de Mato Grosso do Sul (UFMS). Tem experi\u00eancia na \u00e1rea de Arquitetura e Urbanismo em escrit\u00f3rio desde 1995, e atua exclusivamente na atividade docente desde 2005, com \u00eanfase em Projeto de Arquitetura, principalmente nos seguintes temas: Processos Digitais de Projeto , Semi\u00f3tica e Comunica\u00e7\u00e3o em Arquitetura, Cibern\u00e9tica de Segunda Ordem, Cibersemi\u00f3tica, Prototipagem, Design Param\u00e9trico e Fabrica\u00e7\u00e3o Digital, Arte Digital, Videomapping e Ensino de Arquitetura e Urbanismo.<\/p>\n","protected":false},"excerpt":{"rendered":"<p>Venham participar da conversa, ser\u00e1 dia 03 de mar\u00e7o (alterado), no canal do Prograu no YouTbe. \u00c0s 18h! Link para acesso clicando na imagem acima. &nbsp; Gil possui gradua\u00e7\u00e3o em Arquitetura e Urbanismo pela UFPEL Universidade Federal de Pelotas-RS (1994), Especializa\u00e7\u00e3o em Design de Interiores pela UNIDERP Universidade para o Desenvolvimento do Estado e da [&hellip;]<\/p>\n","protected":false},"author":263,"featured_media":2885,"comment_status":"closed","ping_status":"closed","sticky":false,"template":"","format":"standard","meta":{"_jetpack_memberships_contains_paid_content":false,"footnotes":""},"categories":[46940,59,18,5],"tags":[47012,46935,46967,47016,47015,47017,47014,47013],"class_list":["post-2874","post","type-post","status-publish","format-standard","has-post-thumbnail","hentry","category-conversas","category-destaques","category-sem-categoria","category-projetos","tag-algoritmo","tag-arquitetura","tag-conversa","tag-ensino","tag-extensao","tag-pesquisa","tag-reflexoes","tag-urbanismo"],"jetpack_featured_media_url":"https:\/\/wp.ufpel.edu.br\/gegradi\/files\/2021\/02\/gilfranco-final.png","jetpack_sharing_enabled":true,"_links":{"self":[{"href":"https:\/\/wp.ufpel.edu.br\/gegradi\/wp-json\/wp\/v2\/posts\/2874","targetHints":{"allow":["GET"]}}],"collection":[{"href":"https:\/\/wp.ufpel.edu.br\/gegradi\/wp-json\/wp\/v2\/posts"}],"about":[{"href":"https:\/\/wp.ufpel.edu.br\/gegradi\/wp-json\/wp\/v2\/types\/post"}],"author":[{"embeddable":true,"href":"https:\/\/wp.ufpel.edu.br\/gegradi\/wp-json\/wp\/v2\/users\/263"}],"replies":[{"embeddable":true,"href":"https:\/\/wp.ufpel.edu.br\/gegradi\/wp-json\/wp\/v2\/comments?post=2874"}],"version-history":[{"count":6,"href":"https:\/\/wp.ufpel.edu.br\/gegradi\/wp-json\/wp\/v2\/posts\/2874\/revisions"}],"predecessor-version":[{"id":2886,"href":"https:\/\/wp.ufpel.edu.br\/gegradi\/wp-json\/wp\/v2\/posts\/2874\/revisions\/2886"}],"wp:featuredmedia":[{"embeddable":true,"href":"https:\/\/wp.ufpel.edu.br\/gegradi\/wp-json\/wp\/v2\/media\/2885"}],"wp:attachment":[{"href":"https:\/\/wp.ufpel.edu.br\/gegradi\/wp-json\/wp\/v2\/media?parent=2874"}],"wp:term":[{"taxonomy":"category","embeddable":true,"href":"https:\/\/wp.ufpel.edu.br\/gegradi\/wp-json\/wp\/v2\/categories?post=2874"},{"taxonomy":"post_tag","embeddable":true,"href":"https:\/\/wp.ufpel.edu.br\/gegradi\/wp-json\/wp\/v2\/tags?post=2874"}],"curies":[{"name":"wp","href":"https:\/\/api.w.org\/{rel}","templated":true}]}}