{"id":2819,"date":"2020-12-04T22:50:52","date_gmt":"2020-12-05T01:50:52","guid":{"rendered":"https:\/\/wp.ufpel.edu.br\/gegradi\/?p=2819"},"modified":"2020-12-04T22:53:06","modified_gmt":"2020-12-05T01:53:06","slug":"gegradi-conversa-com-airton-cattani","status":"publish","type":"post","link":"https:\/\/wp.ufpel.edu.br\/gegradi\/gegradi-conversa-com-airton-cattani\/","title":{"rendered":"GEGRADI conversa com Airton Cattani"},"content":{"rendered":"<p><a href=\"https:\/\/youtu.be\/Bs_CZ1tXvgo\" target=\"_blank\" rel=\"noopener noreferrer\"><img class=\"alignleft wp-image-2813 size-full\" src=\"https:\/\/wp.ufpel.edu.br\/gegradi\/files\/2020\/12\/airton-final.png\" alt=\"\" width=\"2560\" height=\"1440\" srcset=\"https:\/\/wp.ufpel.edu.br\/gegradi\/files\/2020\/12\/airton-final.png 2560w, https:\/\/wp.ufpel.edu.br\/gegradi\/files\/2020\/12\/airton-final-400x225.png 400w, https:\/\/wp.ufpel.edu.br\/gegradi\/files\/2020\/12\/airton-final-1024x576.png 1024w, https:\/\/wp.ufpel.edu.br\/gegradi\/files\/2020\/12\/airton-final-768x432.png 768w, https:\/\/wp.ufpel.edu.br\/gegradi\/files\/2020\/12\/airton-final-1536x864.png 1536w, https:\/\/wp.ufpel.edu.br\/gegradi\/files\/2020\/12\/airton-final-2048x1152.png 2048w\" sizes=\"(max-width: 2560px) 100vw, 2560px\" \/><\/a><\/p>\n<p>Venha participar da conversa nesta sexta-feira! Dia 11\/12\/2020, \u00e0s 18h. Acesse pelo link acima <em>(clicando na imagem).<\/em><\/p>\n<p style=\"text-align: justify\">Airton Cattani, Professor e Pesquisador em Arquitetura, Artes e Design, da UFRGS, conversa conosco sobre como, um olhar atento e est\u00e9tico sobre cal\u00e7adas motivou a conex\u00e3o de dois extremos do mundo, Porto Alegre e Beijing (Pequim, China) e como este olhar segue produzindo conex\u00f5es com outros lugares e atribui\u00e7\u00f5es de novos sentidos para a exist\u00eancia destes elementos nas cidades.<br \/>\nGEGRADI conversa com Airton Cattani, sobre olhando por onde anda: Porto Alegre, Paris e Beijing.<\/p>\n","protected":false},"excerpt":{"rendered":"<p>Venha participar da conversa nesta sexta-feira! Dia 11\/12\/2020, \u00e0s 18h. Acesse pelo link acima (clicando na imagem). Airton Cattani, Professor e Pesquisador em Arquitetura, Artes e Design, da UFRGS, conversa conosco sobre como, um olhar atento e est\u00e9tico sobre cal\u00e7adas motivou a conex\u00e3o de dois extremos do mundo, Porto Alegre e Beijing (Pequim, China) e [&hellip;]<\/p>\n","protected":false},"author":263,"featured_media":2813,"comment_status":"closed","ping_status":"closed","sticky":false,"template":"","format":"standard","meta":{"_jetpack_memberships_contains_paid_content":false,"footnotes":""},"categories":[46940,59,18,5],"tags":[47005,47008,47007,46967,47006],"class_list":["post-2819","post","type-post","status-publish","format-standard","has-post-thumbnail","hentry","category-conversas","category-destaques","category-sem-categoria","category-projetos","tag-calcadas","tag-cidades","tag-conexoes","tag-conversa","tag-olhar"],"jetpack_featured_media_url":"https:\/\/wp.ufpel.edu.br\/gegradi\/files\/2020\/12\/airton-final.png","jetpack_sharing_enabled":true,"_links":{"self":[{"href":"https:\/\/wp.ufpel.edu.br\/gegradi\/wp-json\/wp\/v2\/posts\/2819","targetHints":{"allow":["GET"]}}],"collection":[{"href":"https:\/\/wp.ufpel.edu.br\/gegradi\/wp-json\/wp\/v2\/posts"}],"about":[{"href":"https:\/\/wp.ufpel.edu.br\/gegradi\/wp-json\/wp\/v2\/types\/post"}],"author":[{"embeddable":true,"href":"https:\/\/wp.ufpel.edu.br\/gegradi\/wp-json\/wp\/v2\/users\/263"}],"replies":[{"embeddable":true,"href":"https:\/\/wp.ufpel.edu.br\/gegradi\/wp-json\/wp\/v2\/comments?post=2819"}],"version-history":[{"count":5,"href":"https:\/\/wp.ufpel.edu.br\/gegradi\/wp-json\/wp\/v2\/posts\/2819\/revisions"}],"predecessor-version":[{"id":2827,"href":"https:\/\/wp.ufpel.edu.br\/gegradi\/wp-json\/wp\/v2\/posts\/2819\/revisions\/2827"}],"wp:featuredmedia":[{"embeddable":true,"href":"https:\/\/wp.ufpel.edu.br\/gegradi\/wp-json\/wp\/v2\/media\/2813"}],"wp:attachment":[{"href":"https:\/\/wp.ufpel.edu.br\/gegradi\/wp-json\/wp\/v2\/media?parent=2819"}],"wp:term":[{"taxonomy":"category","embeddable":true,"href":"https:\/\/wp.ufpel.edu.br\/gegradi\/wp-json\/wp\/v2\/categories?post=2819"},{"taxonomy":"post_tag","embeddable":true,"href":"https:\/\/wp.ufpel.edu.br\/gegradi\/wp-json\/wp\/v2\/tags?post=2819"}],"curies":[{"name":"wp","href":"https:\/\/api.w.org\/{rel}","templated":true}]}}