{"id":2793,"date":"2020-11-30T16:44:07","date_gmt":"2020-11-30T19:44:07","guid":{"rendered":"https:\/\/wp.ufpel.edu.br\/gegradi\/?p=2793"},"modified":"2020-11-30T17:04:37","modified_gmt":"2020-11-30T20:04:37","slug":"gegradi-conversa-com-regiane-pupo","status":"publish","type":"post","link":"https:\/\/wp.ufpel.edu.br\/gegradi\/gegradi-conversa-com-regiane-pupo\/","title":{"rendered":"GEGRADI conversa com Regiane Pupo"},"content":{"rendered":"<p><a href=\"https:\/\/youtu.be\/uIkvWeScLs0\" target=\"_blank\" rel=\"noopener noreferrer\"><img class=\"alignleft wp-image-2795 size-full\" src=\"https:\/\/wp.ufpel.edu.br\/gegradi\/files\/2020\/11\/regiane.png\" alt=\"\" width=\"2560\" height=\"1440\" srcset=\"https:\/\/wp.ufpel.edu.br\/gegradi\/files\/2020\/11\/regiane.png 2560w, https:\/\/wp.ufpel.edu.br\/gegradi\/files\/2020\/11\/regiane-400x225.png 400w, https:\/\/wp.ufpel.edu.br\/gegradi\/files\/2020\/11\/regiane-1024x576.png 1024w, https:\/\/wp.ufpel.edu.br\/gegradi\/files\/2020\/11\/regiane-768x432.png 768w, https:\/\/wp.ufpel.edu.br\/gegradi\/files\/2020\/11\/regiane-1536x864.png 1536w, https:\/\/wp.ufpel.edu.br\/gegradi\/files\/2020\/11\/regiane-2048x1152.png 2048w\" sizes=\"(max-width: 2560px) 100vw, 2560px\" \/><\/a><\/p>\n<p>Venham participar da conversa nesta quinta-feira, \u00e0s 18h! (Link clicando na imagem acima)<br \/>\nGEGRADI conversa com Regiane Pupo, sobre Desafios e fronteiras na implementa\u00e7\u00e3o de um laborat\u00f3rio de fabrica\u00e7\u00e3o digital.<br \/>\nDia 03\/12 \u00e0s 18h.<br \/>\nCom a participa\u00e7\u00e3o de Mariana Piccoli<br \/>\nSer\u00e1 no canal do Prograu do YouTube.<\/p>\n<p>Acesso ao Lattes das participantes:<br \/>\n<em><span style=\"color: #333399\"><a style=\"color: #333399\" href=\"http:\/\/lattes.cnpq.br\/2000444151497847\" target=\"_blank\" rel=\"noopener noreferrer\">Regiane Pupo<\/a><\/span><\/em><br \/>\n<span style=\"color: #333399\"><em><a style=\"color: #333399\" href=\"http:\/\/lattes.cnpq.br\/6596418378264766\" target=\"_blank\" rel=\"noopener noreferrer\">Mariana Piccoli<\/a><\/em><\/span><\/p>\n","protected":false},"excerpt":{"rendered":"<p>Venham participar da conversa nesta quinta-feira, \u00e0s 18h! (Link clicando na imagem acima) GEGRADI conversa com Regiane Pupo, sobre Desafios e fronteiras na implementa\u00e7\u00e3o de um laborat\u00f3rio de fabrica\u00e7\u00e3o digital. Dia 03\/12 \u00e0s 18h. Com a participa\u00e7\u00e3o de Mariana Piccoli Ser\u00e1 no canal do Prograu do YouTube. Acesso ao Lattes das participantes: Regiane Pupo Mariana [&hellip;]<\/p>\n","protected":false},"author":263,"featured_media":2795,"comment_status":"closed","ping_status":"closed","sticky":false,"template":"","format":"standard","meta":{"_jetpack_memberships_contains_paid_content":false,"footnotes":""},"categories":[46940,59,18,5],"tags":[46967,46971,46997,46998,46996],"class_list":["post-2793","post","type-post","status-publish","format-standard","has-post-thumbnail","hentry","category-conversas","category-destaques","category-sem-categoria","category-projetos","tag-conversa","tag-desafio","tag-fabricacao-digital","tag-implementacao","tag-laboratorio"],"jetpack_featured_media_url":"https:\/\/wp.ufpel.edu.br\/gegradi\/files\/2020\/11\/regiane.png","jetpack_sharing_enabled":true,"_links":{"self":[{"href":"https:\/\/wp.ufpel.edu.br\/gegradi\/wp-json\/wp\/v2\/posts\/2793","targetHints":{"allow":["GET"]}}],"collection":[{"href":"https:\/\/wp.ufpel.edu.br\/gegradi\/wp-json\/wp\/v2\/posts"}],"about":[{"href":"https:\/\/wp.ufpel.edu.br\/gegradi\/wp-json\/wp\/v2\/types\/post"}],"author":[{"embeddable":true,"href":"https:\/\/wp.ufpel.edu.br\/gegradi\/wp-json\/wp\/v2\/users\/263"}],"replies":[{"embeddable":true,"href":"https:\/\/wp.ufpel.edu.br\/gegradi\/wp-json\/wp\/v2\/comments?post=2793"}],"version-history":[{"count":3,"href":"https:\/\/wp.ufpel.edu.br\/gegradi\/wp-json\/wp\/v2\/posts\/2793\/revisions"}],"predecessor-version":[{"id":2807,"href":"https:\/\/wp.ufpel.edu.br\/gegradi\/wp-json\/wp\/v2\/posts\/2793\/revisions\/2807"}],"wp:featuredmedia":[{"embeddable":true,"href":"https:\/\/wp.ufpel.edu.br\/gegradi\/wp-json\/wp\/v2\/media\/2795"}],"wp:attachment":[{"href":"https:\/\/wp.ufpel.edu.br\/gegradi\/wp-json\/wp\/v2\/media?parent=2793"}],"wp:term":[{"taxonomy":"category","embeddable":true,"href":"https:\/\/wp.ufpel.edu.br\/gegradi\/wp-json\/wp\/v2\/categories?post=2793"},{"taxonomy":"post_tag","embeddable":true,"href":"https:\/\/wp.ufpel.edu.br\/gegradi\/wp-json\/wp\/v2\/tags?post=2793"}],"curies":[{"name":"wp","href":"https:\/\/api.w.org\/{rel}","templated":true}]}}