{"id":2486,"date":"2020-06-10T18:48:16","date_gmt":"2020-06-10T21:48:16","guid":{"rendered":"https:\/\/wp.ufpel.edu.br\/gegradi\/?p=2486"},"modified":"2020-09-21T07:23:11","modified_gmt":"2020-09-21T10:23:11","slug":"oficina-ead-inscricoes-abertas-computadores-e-arquitetura","status":"publish","type":"post","link":"https:\/\/wp.ufpel.edu.br\/gegradi\/oficina-ead-inscricoes-abertas-computadores-e-arquitetura\/","title":{"rendered":"Oficina EAD Inscri\u00e7\u00f5es Abertas &#8211; Computadores e Arquitetura"},"content":{"rendered":"<p><a href=\"https:\/\/wp.ufpel.edu.br\/gegradi\/files\/2020\/06\/computadores-Oficina-ead-Leticia.jpg\"><img class=\"aligncenter size-full wp-image-2488\" src=\"https:\/\/wp.ufpel.edu.br\/gegradi\/files\/2020\/06\/computadores-Oficina-ead-Leticia.jpg\" alt=\"\" width=\"810\" height=\"424\" srcset=\"https:\/\/wp.ufpel.edu.br\/gegradi\/files\/2020\/06\/computadores-Oficina-ead-Leticia.jpg 810w, https:\/\/wp.ufpel.edu.br\/gegradi\/files\/2020\/06\/computadores-Oficina-ead-Leticia-400x209.jpg 400w, https:\/\/wp.ufpel.edu.br\/gegradi\/files\/2020\/06\/computadores-Oficina-ead-Leticia-768x402.jpg 768w\" sizes=\"(max-width: 810px) 100vw, 810px\" \/><\/a><\/p>\n<p>Vers\u00e3o de Junho de 2020.<\/p>\n<p>Inscri\u00e7\u00e3o: <span style=\"color: #0000ff\"><em><a style=\"color: #0000ff\" href=\"https:\/\/docs.google.com\/forms\/d\/e\/1FAIpQLSc9oatimCNQXeoP1hxk9ozGwPwU4sglNTPNTQIqtHXeRovG8w\/viewform?fbclid=IwAR2HqmcXDhUN8ko1dxI4HZzVCjq1NwwZsEPr6hu8POXNLVnaB-KcvQYecPU\" target=\"_blank\" rel=\"noopener noreferrer\">Computadores e Arquitetura Fundamentos sobre HW e SW em EaD<\/a><\/em><\/span><\/p>\n<p><span style=\"font-family: georgia, palatino, serif;font-size: 12pt\">Oficina &#8220;Computadores e Arquitetura: fundamentos sobre hardware e software&#8221;<\/span><br \/>\n<span style=\"font-family: georgia, palatino, serif;font-size: 12pt\">Ministrada por Let\u00edcia Pegoraro, acad\u00eamica em Engenharia da Computa\u00e7\u00e3o \u2013 UFPel.<\/span><\/p>\n<p><span style=\"font-family: georgia, palatino, serif;font-size: 12pt\">Objetivos<\/span><br \/>\n<span style=\"font-family: georgia, palatino, serif;font-size: 12pt\">*\u00a0 Compreender conceitos de Software e Hardware;<\/span><br \/>\n<span style=\"font-family: georgia, palatino, serif;font-size: 12pt\">*\u00a0 Compartilhar conhecimentos da \u00e1rea t\u00e9cnica com os participantes de modo a auxili\u00e1-los em suas jornadas acad\u00eamicas;<\/span><br \/>\n<span style=\"font-family: georgia, palatino, serif;font-size: 12pt\">*\u00a0 Refletir sobre as caracter\u00edsticas de diferentes componentes de modo a aumentar o entendimento sobre os mesmos;<\/span><br \/>\n<span style=\"font-family: georgia, palatino, serif;font-size: 12pt\">*\u00a0 Discutir e sanar algumas d\u00favidas recorrentes de estudantes de Arquitetura e Urbanismo em rela\u00e7\u00e3o \u00e0 componentes computacionais.<\/span><\/p>\n<p><span style=\"font-family: georgia, palatino, serif;font-size: 12pt\">Fa\u00e7a sua inscri\u00e7\u00e3o at\u00e9 dia 13 de junho de 2020. As vagas s\u00e3o limitadas.\u00a0<\/span><br \/>\n<span style=\"font-family: georgia, palatino, serif;font-size: 12pt\">Aguarde email com instru\u00e7\u00f5es de acesso.<\/span><\/p>\n<p><span style=\"font-family: georgia, palatino, serif;font-size: 12pt\">Informa\u00e7\u00f5es<\/span><br \/>\n<span style=\"font-family: georgia, palatino, serif;font-size: 12pt\">&#8211; A oficina ser\u00e1 disponibilizada em v\u00eddeo e tamb\u00e9m com o apoio de um material did\u00e1tico em PDF no ambiente AVA\/UFPel;<\/span><br \/>\n<span style=\"font-family: georgia, palatino, serif;font-size: 12pt\">&#8211; O participante ter\u00e1 acesso a um f\u00f3rum, onde se efetiva o grupo de estudos sobre o tema da oficina, sendo compartilhada a experi\u00eancia da ministrante e do grupo para avan\u00e7ar nos conceitos e t\u00e9cnicas empregadas;<\/span><br \/>\n<span style=\"font-family: georgia, palatino, serif;font-size: 12pt\">&#8211; A entrega da atividade de conclus\u00e3o da oficina ter\u00e1 uma data limite;<br \/>\n<\/span><span style=\"font-family: georgia, palatino, serif;font-size: 12pt\">&#8211; Com a conclus\u00e3o da atividade, o acad\u00eamico pode solicitar um atestado de participa\u00e7\u00e3o, enquanto aguardamos a libera\u00e7\u00e3o dos certificados no Cobalto.<\/span><\/p>\n<p>Previs\u00e3o de aulas: 14\/06 &#8211; 23\/06 no Ambiente Virtual de Aprendizagem da UFPel<\/p>\n<p style=\"text-align: center\">Sejam Bem &#8211; Vindos!<\/p>\n","protected":false},"excerpt":{"rendered":"<p>Vers\u00e3o de Junho de 2020. Inscri\u00e7\u00e3o: Computadores e Arquitetura Fundamentos sobre HW e SW em EaD Oficina &#8220;Computadores e Arquitetura: fundamentos sobre hardware e software&#8221; Ministrada por Let\u00edcia Pegoraro, acad\u00eamica em Engenharia da Computa\u00e7\u00e3o \u2013 UFPel. Objetivos *\u00a0 Compreender conceitos de Software e Hardware; *\u00a0 Compartilhar conhecimentos da \u00e1rea t\u00e9cnica com os participantes de modo [&hellip;]<\/p>\n","protected":false},"author":263,"featured_media":2488,"comment_status":"closed","ping_status":"closed","sticky":false,"template":"","format":"standard","meta":{"_jetpack_memberships_contains_paid_content":false,"footnotes":""},"categories":[18,58],"tags":[46935,46934,46933,46936,46937],"class_list":["post-2486","post","type-post","status-publish","format-standard","has-post-thumbnail","hentry","category-sem-categoria","category-oficinas","tag-arquitetura","tag-computador","tag-ead","tag-hardware","tag-software"],"jetpack_featured_media_url":"https:\/\/wp.ufpel.edu.br\/gegradi\/files\/2020\/06\/computadores-Oficina-ead-Leticia.jpg","jetpack_sharing_enabled":true,"_links":{"self":[{"href":"https:\/\/wp.ufpel.edu.br\/gegradi\/wp-json\/wp\/v2\/posts\/2486","targetHints":{"allow":["GET"]}}],"collection":[{"href":"https:\/\/wp.ufpel.edu.br\/gegradi\/wp-json\/wp\/v2\/posts"}],"about":[{"href":"https:\/\/wp.ufpel.edu.br\/gegradi\/wp-json\/wp\/v2\/types\/post"}],"author":[{"embeddable":true,"href":"https:\/\/wp.ufpel.edu.br\/gegradi\/wp-json\/wp\/v2\/users\/263"}],"replies":[{"embeddable":true,"href":"https:\/\/wp.ufpel.edu.br\/gegradi\/wp-json\/wp\/v2\/comments?post=2486"}],"version-history":[{"count":8,"href":"https:\/\/wp.ufpel.edu.br\/gegradi\/wp-json\/wp\/v2\/posts\/2486\/revisions"}],"predecessor-version":[{"id":2601,"href":"https:\/\/wp.ufpel.edu.br\/gegradi\/wp-json\/wp\/v2\/posts\/2486\/revisions\/2601"}],"wp:featuredmedia":[{"embeddable":true,"href":"https:\/\/wp.ufpel.edu.br\/gegradi\/wp-json\/wp\/v2\/media\/2488"}],"wp:attachment":[{"href":"https:\/\/wp.ufpel.edu.br\/gegradi\/wp-json\/wp\/v2\/media?parent=2486"}],"wp:term":[{"taxonomy":"category","embeddable":true,"href":"https:\/\/wp.ufpel.edu.br\/gegradi\/wp-json\/wp\/v2\/categories?post=2486"},{"taxonomy":"post_tag","embeddable":true,"href":"https:\/\/wp.ufpel.edu.br\/gegradi\/wp-json\/wp\/v2\/tags?post=2486"}],"curies":[{"name":"wp","href":"https:\/\/api.w.org\/{rel}","templated":true}]}}