{"id":581,"date":"2023-12-12T09:41:42","date_gmt":"2023-12-12T12:41:42","guid":{"rendered":"https:\/\/wp.ufpel.edu.br\/gedeb\/?p=581"},"modified":"2023-12-12T09:43:35","modified_gmt":"2023-12-12T12:43:35","slug":"nota-de-repudio-ao-projeto-de-resolucao-cne-das-novas-diretrizes-curriculares-nacionais-para-a-formacao-inicial-em-nivel-superior-de-profissionais-do-magisterio-da-educacao-basica","status":"publish","type":"post","link":"https:\/\/wp.ufpel.edu.br\/gedeb\/2023\/12\/12\/nota-de-repudio-ao-projeto-de-resolucao-cne-das-novas-diretrizes-curriculares-nacionais-para-a-formacao-inicial-em-nivel-superior-de-profissionais-do-magisterio-da-educacao-basica\/","title":{"rendered":"Nota de rep\u00fadio ao Projeto de Resolu\u00e7\u00e3o CNE &#8211; das novas Diretrizes Curriculares Nacionais para a Forma\u00e7\u00e3o Inicial em N\u00edvel Superior de Profissionais do Magist\u00e9rio da Educa\u00e7\u00e3o B\u00e1sica"},"content":{"rendered":"<p>Nota<\/p>\n<p><a href=\"https:\/\/periodicos.ufrrj.br\/index.php\/formov\/article\/view\/910\/751\">https:\/\/periodicos.ufrrj.br\/index.php\/formov\/article\/view\/910\/751<\/a><\/p>\n<p>&nbsp;<\/p>\n<p><img loading=\"lazy\" decoding=\"async\" class=\"alignnone size-medium wp-image-582\" src=\"https:\/\/wp.ufpel.edu.br\/gedeb\/files\/2023\/12\/card3-400x400.jpg\" alt=\"\" width=\"400\" height=\"400\" srcset=\"https:\/\/wp.ufpel.edu.br\/gedeb\/files\/2023\/12\/card3-400x400.jpg 400w, https:\/\/wp.ufpel.edu.br\/gedeb\/files\/2023\/12\/card3-1024x1024.jpg 1024w, https:\/\/wp.ufpel.edu.br\/gedeb\/files\/2023\/12\/card3-200x200.jpg 200w, https:\/\/wp.ufpel.edu.br\/gedeb\/files\/2023\/12\/card3-768x768.jpg 768w, https:\/\/wp.ufpel.edu.br\/gedeb\/files\/2023\/12\/card3-300x300.jpg 300w, https:\/\/wp.ufpel.edu.br\/gedeb\/files\/2023\/12\/card3.jpg 1080w\" sizes=\"auto, (max-width: 400px) 100vw, 400px\" \/><\/p>\n<p><img loading=\"lazy\" decoding=\"async\" class=\"alignnone size-medium wp-image-583\" src=\"https:\/\/wp.ufpel.edu.br\/gedeb\/files\/2023\/12\/card2-400x400.jpg\" alt=\"\" width=\"400\" height=\"400\" srcset=\"https:\/\/wp.ufpel.edu.br\/gedeb\/files\/2023\/12\/card2-400x400.jpg 400w, https:\/\/wp.ufpel.edu.br\/gedeb\/files\/2023\/12\/card2-1024x1024.jpg 1024w, https:\/\/wp.ufpel.edu.br\/gedeb\/files\/2023\/12\/card2-200x200.jpg 200w, https:\/\/wp.ufpel.edu.br\/gedeb\/files\/2023\/12\/card2-768x768.jpg 768w, https:\/\/wp.ufpel.edu.br\/gedeb\/files\/2023\/12\/card2-300x300.jpg 300w, https:\/\/wp.ufpel.edu.br\/gedeb\/files\/2023\/12\/card2.jpg 1080w\" sizes=\"auto, (max-width: 400px) 100vw, 400px\" \/><\/p>\n<p>&nbsp;<\/p>\n","protected":false},"excerpt":{"rendered":"<p>Nota https:\/\/periodicos.ufrrj.br\/index.php\/formov\/article\/view\/910\/751 &nbsp; &nbsp;<\/p>\n","protected":false},"author":745,"featured_media":0,"comment_status":"closed","ping_status":"closed","sticky":false,"template":"","format":"standard","meta":{"_jetpack_memberships_contains_paid_content":false,"footnotes":""},"categories":[1],"tags":[],"class_list":["post-581","post","type-post","status-publish","format-standard","hentry","category-noticias"],"jetpack_featured_media_url":"","jetpack_sharing_enabled":true,"_links":{"self":[{"href":"https:\/\/wp.ufpel.edu.br\/gedeb\/wp-json\/wp\/v2\/posts\/581","targetHints":{"allow":["GET"]}}],"collection":[{"href":"https:\/\/wp.ufpel.edu.br\/gedeb\/wp-json\/wp\/v2\/posts"}],"about":[{"href":"https:\/\/wp.ufpel.edu.br\/gedeb\/wp-json\/wp\/v2\/types\/post"}],"author":[{"embeddable":true,"href":"https:\/\/wp.ufpel.edu.br\/gedeb\/wp-json\/wp\/v2\/users\/745"}],"replies":[{"embeddable":true,"href":"https:\/\/wp.ufpel.edu.br\/gedeb\/wp-json\/wp\/v2\/comments?post=581"}],"version-history":[{"count":3,"href":"https:\/\/wp.ufpel.edu.br\/gedeb\/wp-json\/wp\/v2\/posts\/581\/revisions"}],"predecessor-version":[{"id":587,"href":"https:\/\/wp.ufpel.edu.br\/gedeb\/wp-json\/wp\/v2\/posts\/581\/revisions\/587"}],"wp:attachment":[{"href":"https:\/\/wp.ufpel.edu.br\/gedeb\/wp-json\/wp\/v2\/media?parent=581"}],"wp:term":[{"taxonomy":"category","embeddable":true,"href":"https:\/\/wp.ufpel.edu.br\/gedeb\/wp-json\/wp\/v2\/categories?post=581"},{"taxonomy":"post_tag","embeddable":true,"href":"https:\/\/wp.ufpel.edu.br\/gedeb\/wp-json\/wp\/v2\/tags?post=581"}],"curies":[{"name":"wp","href":"https:\/\/api.w.org\/{rel}","templated":true}]}}