{"id":205,"date":"2015-09-10T15:58:12","date_gmt":"2015-09-10T18:58:12","guid":{"rendered":"https:\/\/wp.ufpel.edu.br\/gecapec\/?p=205"},"modified":"2015-09-10T15:58:12","modified_gmt":"2015-09-10T18:58:12","slug":"205","status":"publish","type":"post","link":"https:\/\/wp.ufpel.edu.br\/gecapec\/2015\/09\/10\/205\/","title":{"rendered":""},"content":{"rendered":"<p><b>PROGRAMA\u00c7\u00c3O \u201cSEMIN\u00c1RIO DE ONDE VIR\u00c3O OS TERNEIROS&#8221;<br \/>\n<\/b><\/p>\n<p>&nbsp;<\/p>\n<p><b>Data: <\/b><b>16.09<\/b><b>.2015<\/b><\/p>\n<p><b>Local: <\/b>Sal\u00e3o Nobre da Associa\u00e7\u00e3o e Sindicato Rural de Bag\u00e9 \/ Avenida Portugal, 495 \u2013 Bag\u00e9\/RS.<\/p>\n<table>\n<tbody>\n<tr>\n<td rowspan=\"2\">\n<p><b>PAINEL\u00a0\u00a0<\/b><\/p>\n<p><b>PRIMEIRO<\/b><\/td>\n<td><b>19<\/b><b>h0<\/b><b>0<\/b><\/td>\n<td><b>Sistema CBI \u2013 Cria Bovina Intensiva na <\/b><b>Prov\u00edncia de Santa F\u00e9\/Argentina<\/b><\/td>\n<\/tr>\n<tr>\n<td>&nbsp;<\/td>\n<td>\n<p><b>Dr. <\/b><b>MARTIN CORREA LUNA<\/b><\/p>\n<p>INTA Venado Tuerto \u2013 Santa F\u00e9\/Argentina<\/p>\n<p><b>MARCOS BLUA<\/b><\/p>\n<p>Produtor rural &#8211; Venado Tuerto \u2013 Santa F\u00e9\/Argentina<\/td>\n<\/tr>\n<tr>\n<td><b>\u202f<\/b><\/td>\n<td><b>21h00\u00a0\u00a0<\/b><\/td>\n<td><b>Coquetel \u2013 <\/b><b>Sede do N\u00facleo de Criadores de Cavalos Crioulos de Bag\u00e9<\/b><b>\u00a0<\/b><\/td>\n<\/tr>\n<\/tbody>\n<\/table>\n<p>&nbsp;<\/p>\n<p>&nbsp;<\/p>\n<p><b>Data: <\/b><b>17<\/b><b>.09.2015<\/b><\/p>\n<p><b>Local: <\/b>Sal\u00e3o Nobre da Associa\u00e7\u00e3o e Sindicato Rural de Bag\u00e9 \/ Avenida Portugal, 495 \u2013 Bag\u00e9\/RS.<\/p>\n<table>\n<tbody>\n<tr>\n<td>&nbsp;<\/td>\n<td><b>8h00<\/b><\/td>\n<td><b>Cadastramento<\/b><\/td>\n<\/tr>\n<tr>\n<td><\/td>\n<td><b>8h30<\/b><\/td>\n<td><b>Abertura Oficial<\/b><\/td>\n<\/tr>\n<tr>\n<td rowspan=\"10\">\n<p><b>PAINEL<\/b><\/p>\n<p><b>\u00a0SEGUNDO<\/b><\/td>\n<td><b>9h*<\/b><\/td>\n<td><b>Produza mais e melhores terneiros<\/b><\/td>\n<\/tr>\n<tr>\n<td>&nbsp;<\/td>\n<td><b>Prof. JOS\u00c9 FERNANDO P. LOBATO<\/b><\/td>\n<\/tr>\n<tr>\n<td>&nbsp;<\/td>\n<td>Departamento de Zootecnia &#8211; UFRGS<\/td>\n<\/tr>\n<tr>\n<td><b>9h55<\/b><\/td>\n<td><b>Intervalo<\/b><\/td>\n<\/tr>\n<tr>\n<td><b>10h15<\/b><b>*<\/b><\/td>\n<td><b>Doen\u00e7as reprodutivas nos rodeios de cria<\/b><\/td>\n<\/tr>\n<tr>\n<td>&nbsp;<\/td>\n<td><b>RAFAEL SILVA<\/b><\/td>\n<\/tr>\n<tr>\n<td>&nbsp;<\/td>\n<td>T\u00e9cnico SSTT da Virbac &#8211; Uruguai<\/td>\n<\/tr>\n<tr>\n<td><b>11h<\/b><b>10<\/b><b>*<\/b><\/td>\n<td><b>O carrapato dos bovinos e estrat\u00e9gias para diminuir seus preju\u00edzos<\/b><\/td>\n<\/tr>\n<tr>\n<td>&nbsp;<\/td>\n<td><b>M\u00e9d. Vet. JO\u00c3O RICARDO MARTINS<\/b><\/td>\n<\/tr>\n<tr>\n<td>&nbsp;<\/td>\n<td>IPVDF \u2013 Fepagro\/RS<\/td>\n<\/tr>\n<tr>\n<td><b>\u202f<\/b><\/td>\n<td><b>12h<\/b><b>10<\/b><\/td>\n<td>\n<p><b>Almo\u00e7o<\/b> <b>&#8211; <\/b><b>Sede do N\u00facleo de Criadores de Cavalos Crioulos de Bag\u00e9<\/b><b>\u00a0<\/b><\/p>\n<p><b>(Parque de Exposi\u00e7\u00f5es Visconde de Ribeiro Magalh\u00e3es \u2013 Bag\u00e9\/RS)<\/b><\/td>\n<\/tr>\n<tr>\n<td rowspan=\"10\">\n<p><b>\u00a0PAINEL<\/b><\/p>\n<p><b>TERCEIRO<\/b><\/td>\n<td><b>13h30*<\/b><\/td>\n<td><b>Impacto da IATF nos rodeios de cria<\/b><\/td>\n<\/tr>\n<tr>\n<td>&nbsp;<\/td>\n<td><b>Dr. GUILLERMO DE NAVA<\/b><\/td>\n<\/tr>\n<tr>\n<td>&nbsp;<\/td>\n<td>Profissional liberal &#8211; Uruguai<\/td>\n<\/tr>\n<tr>\n<td><b>14h25*<\/b><\/td>\n<td><b>Pastagens de alto rendimento para rodeios de cria em ILP<\/b><\/td>\n<\/tr>\n<tr>\n<td>&nbsp;<\/td>\n<td><b>Dr. JAMIR LU\u00cdS SILVA DA SILVA<\/b><\/td>\n<\/tr>\n<tr>\n<td>&nbsp;<\/td>\n<td>Embrapa Clima Temperado \u2013 Pelotas\/RS<\/td>\n<\/tr>\n<tr>\n<td><b>15h30<\/b><\/td>\n<td><b>Intervalo<\/b><\/td>\n<\/tr>\n<tr>\n<td><b>15h45*<\/b><\/td>\n<td><b>An\u00e1lise e perspectivas para o mercado e os custos da pecu\u00e1ria de corte<\/b><\/td>\n<\/tr>\n<tr>\n<td>&nbsp;<\/td>\n<td><b>ANT\u00d4NIO DA LUZ<\/b><\/td>\n<\/tr>\n<tr>\n<td>&nbsp;<\/td>\n<td>Economista do Sistema Farsul<\/td>\n<\/tr>\n<tr>\n<td><b>\u202f<\/b><\/td>\n<td><b>17h00<\/b><\/td>\n<td><b>Encerramento<\/b><\/td>\n<\/tr>\n<\/tbody>\n<\/table>\n<p><b>*<\/b>40 minutos de palestra e 15 minutos de questionamento.<\/p>\n","protected":false},"excerpt":{"rendered":"<p>PROGRAMA\u00c7\u00c3O \u201cSEMIN\u00c1RIO DE ONDE VIR\u00c3O OS TERNEIROS&#8221; &nbsp; Data: 16.09.2015 Local: Sal\u00e3o Nobre da Associa\u00e7\u00e3o e Sindicato Rural de Bag\u00e9 \/ Avenida Portugal, 495 \u2013 Bag\u00e9\/RS. PAINEL\u00a0\u00a0 PRIMEIRO 19h00 Sistema CBI \u2013 Cria Bovina Intensiva na Prov\u00edncia de Santa F\u00e9\/Argentina &nbsp; Dr. MARTIN CORREA LUNA INTA Venado Tuerto \u2013 Santa F\u00e9\/Argentina MARCOS BLUA Produtor rural &hellip; <a href=\"https:\/\/wp.ufpel.edu.br\/gecapec\/2015\/09\/10\/205\/\" class=\"more-link\">Continue lendo <span class=\"screen-reader-text\"><\/span> <span class=\"meta-nav\">&rarr;<\/span><\/a><\/p>\n","protected":false},"author":382,"featured_media":0,"comment_status":"closed","ping_status":"closed","sticky":false,"template":"","format":"standard","meta":{"footnotes":""},"categories":[18],"tags":[],"class_list":["post-205","post","type-post","status-publish","format-standard","hentry","category-sem-categoria"],"jetpack_featured_media_url":"","_links":{"self":[{"href":"https:\/\/wp.ufpel.edu.br\/gecapec\/wp-json\/wp\/v2\/posts\/205","targetHints":{"allow":["GET"]}}],"collection":[{"href":"https:\/\/wp.ufpel.edu.br\/gecapec\/wp-json\/wp\/v2\/posts"}],"about":[{"href":"https:\/\/wp.ufpel.edu.br\/gecapec\/wp-json\/wp\/v2\/types\/post"}],"author":[{"embeddable":true,"href":"https:\/\/wp.ufpel.edu.br\/gecapec\/wp-json\/wp\/v2\/users\/382"}],"replies":[{"embeddable":true,"href":"https:\/\/wp.ufpel.edu.br\/gecapec\/wp-json\/wp\/v2\/comments?post=205"}],"version-history":[{"count":1,"href":"https:\/\/wp.ufpel.edu.br\/gecapec\/wp-json\/wp\/v2\/posts\/205\/revisions"}],"predecessor-version":[{"id":206,"href":"https:\/\/wp.ufpel.edu.br\/gecapec\/wp-json\/wp\/v2\/posts\/205\/revisions\/206"}],"wp:attachment":[{"href":"https:\/\/wp.ufpel.edu.br\/gecapec\/wp-json\/wp\/v2\/media?parent=205"}],"wp:term":[{"taxonomy":"category","embeddable":true,"href":"https:\/\/wp.ufpel.edu.br\/gecapec\/wp-json\/wp\/v2\/categories?post=205"},{"taxonomy":"post_tag","embeddable":true,"href":"https:\/\/wp.ufpel.edu.br\/gecapec\/wp-json\/wp\/v2\/tags?post=205"}],"curies":[{"name":"wp","href":"https:\/\/api.w.org\/{rel}","templated":true}]}}