{"id":338,"date":"2017-11-20T15:34:20","date_gmt":"2017-11-20T17:34:20","guid":{"rendered":"https:\/\/wp.ufpel.edu.br\/gbem\/?p=338"},"modified":"2018-03-09T16:32:07","modified_gmt":"2018-03-09T19:32:07","slug":"o-que-e-multimorbidade","status":"publish","type":"post","link":"https:\/\/wp.ufpel.edu.br\/gbem\/2017\/11\/20\/o-que-e-multimorbidade\/","title":{"rendered":"O que \u00e9 multimorbidade?"},"content":{"rendered":"<p>Por <a href=\"https:\/\/wp.ufpel.edu.br\/gbem\/integrantes-do-grupo\/coordenadores\/curriculo-bruno\/\" target=\"_blank\" rel=\"noopener\">Bruno P Nunes<\/a><\/p>\n<p><img loading=\"lazy\" decoding=\"async\" class=\" wp-image-340 aligncenter\" src=\"https:\/\/wp.ufpel.edu.br\/gbem\/files\/2017\/11\/figura_post_fb-424x239.jpg\" alt=\"\" width=\"495\" height=\"279\" srcset=\"https:\/\/wp.ufpel.edu.br\/gbem\/files\/2017\/11\/figura_post_fb-424x239.jpg 424w, https:\/\/wp.ufpel.edu.br\/gbem\/files\/2017\/11\/figura_post_fb-212x119.jpg 212w, https:\/\/wp.ufpel.edu.br\/gbem\/files\/2017\/11\/figura_post_fb-768x432.jpg 768w, https:\/\/wp.ufpel.edu.br\/gbem\/files\/2017\/11\/figura_post_fb-460x260.jpg 460w, https:\/\/wp.ufpel.edu.br\/gbem\/files\/2017\/11\/figura_post_fb.jpg 1280w\" sizes=\"auto, (max-width: 495px) 100vw, 495px\" \/>Chamamos de multimorbidade a <strong>presen\u00e7a de dois ou mais problemas de sa\u00fade<\/strong> em uma mesma pessoa. Esses problemas incluem condi\u00e7\u00f5es f\u00edsicas, como problema no cora\u00e7\u00e3o, diabetes e problema de vis\u00e3o, e de sa\u00fade mental, como a depress\u00e3o. Estudos apontam que a multimorbidade est\u00e1 relacionada \u00e0 idade e \u00e0s condi\u00e7\u00f5es socioecon\u00f4micas dos indiv\u00edduos, ou seja, pessoas idosas com piores condi\u00e7\u00f5es econ\u00f4micas e de vida tendem a ser os mais afetados. Nos \u00faltimos anos, pacientes com multimorbidade t\u00eam se tornado cada vez mais frequentes, o que se explica, em parte, pelo envelhecimento das popula\u00e7\u00f5es. Segundo dados de pesquisas regionais e da\u00a0<a href=\"https:\/\/www.pns.icict.fiocruz.br\/\">Pesquisa Nacional de Sa\u00fade<\/a>, de 2013, no Brasil, no m\u00ednimo, um a cada cinco adultos e metade dos idosos t\u00eam multimorbidade.<\/p>\n<p>A multimorbidade pode levar \u00e0 queda da qualidade de vida, ao maior risco de hospitaliza\u00e7\u00e3o, \u00e0 incid\u00eancia de problemas de sa\u00fade mental (como depress\u00e3o e ansiedade), a uma dificuldade de encontrar o tratamento adequado para essas doen\u00e7as e a um maior risco de morte. Cada condi\u00e7\u00e3o exige orienta\u00e7\u00f5es e cuidados diferenciados, mas que, ao mesmo tempo, sejam articulados entre si. A exist\u00eancia de m\u00faltiplas condi\u00e7\u00f5es tamb\u00e9m imp\u00f5e desafios para os profissionais da sa\u00fade, j\u00e1 que os modos tradicionais de tratamento, centrados em uma doen\u00e7a individual, podem n\u00e3o se aplicar em pessoas com multimorbidade.<\/p>\n<p><strong>Para ler mais sobre multimorbidade<\/strong>, acesse os estudos do nosso grupo:<\/p>\n<p><a href=\"http:\/\/journals.plos.org\/plosone\/article?id=10.1371\/journal.pone.0174322\">Carvalho JN, Roncalli AG, Cancela MC, Souza DL. <span lang=\"EN-US\">Prevalence of multimorbidity in the Brazilian adult population according to socioeconomic and demographic characteristics. <\/span>PLoS One. 2017;12(4):e0174322. Epub 2017\/04\/07.<\/a><\/p>\n<p><a href=\"http:\/\/bmjopen.bmj.com\/content\/7\/6\/e015885\">Nunes BP, Chiavegatto Filho ADP, Pati S, Cruz Teixeira DS, Flores TR, Camargo-Figuera FA, et al. <span lang=\"EN-US\">Contextual and individual inequalities of multimorbidity in Brazilian adults: a cross-sectional national-based study. <\/span>BMJ Open. 2017;7(6):e015885.<\/a><\/p>\n<p><a href=\"https:\/\/link.springer.com\/article\/10.1007%2Fs00038-016-0819-7\">Nunes BP, Camargo-Figuera FA, Guttier M, de Oliveira PD, Munhoz TN, Matijasevich A, et al. <span lang=\"EN-US\">Multimorbidity in adults from a southern Brazilian city: occurrence and patterns. International journal of public health. 2016.<\/span><\/a><\/p>\n<p><a href=\"https:\/\/bmcpublichealth.biomedcentral.com\/articles\/10.1186\/s12889-015-2505-8\"><span lang=\"EN-US\">Nunes BP, Thum\u00e9 E, Facchini LA. Multimorbidity in older adults: magnitude and challenges for the Brazilian health system. BMC Public Health. 2015;15(1):1-11.<\/span><\/a><\/p>\n<p><a href=\"http:\/\/journals.plos.org\/plosone\/article?id=10.1371\/journal.pone.0171813\">Rzewuska M, de Azevedo-Marques JM, Coxon D, Zanetti ML, Zanetti ACG, Franco LJ, et al. <span lang=\"EN-US\">Epidemiology of multimorbidity within the Brazilian adult general population: Evidence from the 2013 National Health Survey (PNS 2013). <\/span>PLOS ONE. 2017;12(2):e0171813.<\/a><\/p>\n","protected":false},"excerpt":{"rendered":"<p>Entenda o principal conceito que permeia os estudos do GBEM. <\/p>\n","protected":false},"author":682,"featured_media":340,"comment_status":"closed","ping_status":"closed","sticky":false,"template":"","format":"standard","meta":{"jetpack_post_was_ever_published":false,"_jetpack_newsletter_access":"","_jetpack_dont_email_post_to_subs":false,"_jetpack_newsletter_tier_id":0,"_jetpack_memberships_contains_paywalled_content":false,"_jetpack_memberships_contains_paid_content":false,"footnotes":"","jetpack_publicize_message":"","jetpack_publicize_feature_enabled":true,"jetpack_social_post_already_shared":true,"jetpack_social_options":{"image_generator_settings":{"template":"highway","default_image_id":0,"font":"","enabled":false},"version":2}},"categories":[27],"tags":[31,29],"class_list":["post-338","post","type-post","status-publish","format-standard","has-post-thumbnail","hentry","category-divulgacao-cientifica","tag-conceitos","tag-divulgacao-cientifica"],"jetpack_publicize_connections":[],"jetpack_featured_media_url":"https:\/\/wp.ufpel.edu.br\/gbem\/files\/2017\/11\/figura_post_fb.jpg","jetpack_sharing_enabled":true,"jetpack_shortlink":"https:\/\/wp.me\/p8Mo6O-5s","_links":{"self":[{"href":"https:\/\/wp.ufpel.edu.br\/gbem\/wp-json\/wp\/v2\/posts\/338","targetHints":{"allow":["GET"]}}],"collection":[{"href":"https:\/\/wp.ufpel.edu.br\/gbem\/wp-json\/wp\/v2\/posts"}],"about":[{"href":"https:\/\/wp.ufpel.edu.br\/gbem\/wp-json\/wp\/v2\/types\/post"}],"author":[{"embeddable":true,"href":"https:\/\/wp.ufpel.edu.br\/gbem\/wp-json\/wp\/v2\/users\/682"}],"replies":[{"embeddable":true,"href":"https:\/\/wp.ufpel.edu.br\/gbem\/wp-json\/wp\/v2\/comments?post=338"}],"version-history":[{"count":8,"href":"https:\/\/wp.ufpel.edu.br\/gbem\/wp-json\/wp\/v2\/posts\/338\/revisions"}],"predecessor-version":[{"id":628,"href":"https:\/\/wp.ufpel.edu.br\/gbem\/wp-json\/wp\/v2\/posts\/338\/revisions\/628"}],"wp:featuredmedia":[{"embeddable":true,"href":"https:\/\/wp.ufpel.edu.br\/gbem\/wp-json\/wp\/v2\/media\/340"}],"wp:attachment":[{"href":"https:\/\/wp.ufpel.edu.br\/gbem\/wp-json\/wp\/v2\/media?parent=338"}],"wp:term":[{"taxonomy":"category","embeddable":true,"href":"https:\/\/wp.ufpel.edu.br\/gbem\/wp-json\/wp\/v2\/categories?post=338"},{"taxonomy":"post_tag","embeddable":true,"href":"https:\/\/wp.ufpel.edu.br\/gbem\/wp-json\/wp\/v2\/tags?post=338"}],"curies":[{"name":"wp","href":"https:\/\/api.w.org\/{rel}","templated":true}]}}