{"id":1104,"date":"2019-12-06T16:03:40","date_gmt":"2019-12-06T19:03:40","guid":{"rendered":"https:\/\/wp.ufpel.edu.br\/gbem\/?p=1104"},"modified":"2019-12-13T15:27:17","modified_gmt":"2019-12-13T18:27:17","slug":"pesquisadoras-do-gbem-apresentam-trabalhos-na-siepe-ufpel-2019","status":"publish","type":"post","link":"https:\/\/wp.ufpel.edu.br\/gbem\/2019\/12\/06\/pesquisadoras-do-gbem-apresentam-trabalhos-na-siepe-ufpel-2019\/","title":{"rendered":"Pesquisadoras do GBEM apresentam resumos em evento"},"content":{"rendered":"<p style=\"text-align: justify\">Entre os dias 21 e 25 de outubro de 2019, pesquisadores do GBEM apresentaram resultados de alguns projetos no XXI Encontro de P\u00f3s-Gradua\u00e7\u00e3o (ENPOS) e no XXVIII Congresso de Inicia\u00e7\u00e3o Cient\u00edfica (CIC). Os dois encontros comp\u00f5em a programa\u00e7\u00e3o da <a href=\"https:\/\/wp.ufpel.edu.br\/siiepe\/\" target=\"_blank\" rel=\"noopener noreferrer\">5\u00aa Semana Integrada da UFPel (SIIEPE)<\/a>.<\/p>\n<p style=\"text-align: justify\">As bolsistas de Inicia\u00e7\u00e3o Cient\u00edfica <a href=\"https:\/\/wp.ufpel.edu.br\/gbem\/integrantes-do-grupo\/pesquisadores\/indiara-da-silva-viegas\/\" target=\"_blank\" rel=\"noopener noreferrer\">Indiara da Silva Viegas<\/a>, <a href=\"https:\/\/wp.ufpel.edu.br\/gbem\/integrantes-do-grupo\/pesquisadores\/mariana-morais-de-oliveira\/\" target=\"_blank\" rel=\"noopener noreferrer\">Mariana Morais de Oliveira<\/a> e <a href=\"https:\/\/wp.ufpel.edu.br\/gbem\/integrantes-do-grupo\/pesquisadores\/sabrina-ribeiro-farias\/\" target=\"_blank\" rel=\"noopener noreferrer\">Sabrina Farias<\/a> apresentaram os resumos sobre a rela\u00e7\u00e3o da multimorbidade com auto-avalia\u00e7\u00e3o da sa\u00fade, hospitaliza\u00e7\u00e3o e uso de servi\u00e7os de emerg\u00eancia e press\u00e3o arterial.<\/p>\n<p style=\"text-align: justify\">Os resultados apresentados pelas das estudantes de IC se basearam na pesquisa \u201cSa\u00fade do Idoso Ga\u00facho de Bag\u00e9 (SIGa-Bag\u00e9)\u201d. A partir do acompanhamento de idosos da cidade de Bag\u00e9 nos anos de 2008 e 2016-2017, o estudo\u00a0 conseguiu avaliar a situa\u00e7\u00e3o de sa\u00fade dos participantes ao longo do tempo. Os resultados mostraram que: 1) <a href=\"https:\/\/www.youtube.com\/watch?v=zFtMi3fjM2w&amp;list=PLWx1nqQdHG5-0Bo7nU83kult94Vvp-3VJ&amp;index=2&amp;t=0s\" target=\"_blank\" rel=\"noopener noreferrer\">a avalia\u00e7\u00e3o da sa\u00fade ao longo do tempo parece ter piorado em idosos com maior n\u00famero de doen\u00e7as cr\u00f4nicas<\/a>; 2) <a href=\"https:\/\/www.youtube.com\/watch?v=DfJwyvQdJak&amp;list=PLWx1nqQdHG5-0Bo7nU83kult94Vvp-3VJ&amp;index=3&amp;t=0s\" target=\"_blank\" rel=\"noopener noreferrer\">a multimorbidade esteve associada\u00a0 a maior risco de hospitaliza\u00e7\u00e3o e uso de pronto-socorro independente do tipo de pronto-atendimento<\/a>; 3) <a href=\"https:\/\/www.youtube.com\/watch?v=VeQGXqKA77Q&amp;list=PLWx1nqQdHG5-0Bo7nU83kult94Vvp-3VJ&amp;index=4&amp;t=0s\" target=\"_blank\" rel=\"noopener noreferrer\">a m\u00e9dia de press\u00e3o arterial foi similar segundo n\u00famero de doen\u00e7as cr\u00f4nicas e multimorbidade<\/a>. Cliquem nos links acima e vejam mais nos \u00e1udio-slides preparados pelas pesquisadoras.<\/p>\n<p style=\"text-align: justify\">Para a pesquisadora Indiara, os achados ampliam o olhar profissional sobre o processo de adoecimento focando no impacto das condi\u00e7\u00f5es cr\u00f4nicas na percep\u00e7\u00e3o de sa\u00fade dos idosos. Apesar da multimorbidade ser importante para o manejo adequado da situa\u00e7\u00e3o de sa\u00fade, as evid\u00eancias cient\u00edficas sinalizam que a percep\u00e7\u00e3o dos idosos sobre sua sa\u00fade parece ser mais importante do que o n\u00famero de doen\u00e7as existentes. Assim, o tratamento da multimorbidade deve levar em conta a forma como os idosos percebem sua sa\u00fade.<\/p>\n<p style=\"text-align: justify\">J\u00e1 a pesquisadora Mariana destaca que a semelhan\u00e7a da associa\u00e7\u00e3o da multimorbidade com uso de servi\u00e7os de sa\u00fade entre idosos cobertos e n\u00e3o cobertos pela Estrat\u00e9gia Sa\u00fade da Fam\u00edlia (ESF) precisa ser mais bem explorada. Apesar de esperarmos um efeito positivo da ESF nas associa\u00e7\u00f5es, as popula\u00e7\u00f5es cobertas s\u00e3o muito diferentes daquelas n\u00e3o cobertas em termos demogr\u00e1ficos e socioecon\u00f4micos. Assim, as compara\u00e7\u00f5es precisam considerar essas diferen\u00e7as. Al\u00e9m disso, a semelhan\u00e7a pode ser atribu\u00edda ao famoso vi\u00e9s de sobreviv\u00eancia presente nesse tipo de estudo: idosos que sobrevivem tendem a ter uma situa\u00e7\u00e3o de sa\u00fade melhor e mais parecida entre eles em compara\u00e7\u00e3o aos que morreram no per\u00edodo analisado.<\/p>\n<p style=\"text-align: justify\">O estudo realizado pela pesquisadora Sabrina identificou semelhan\u00e7a nos n\u00edveis de press\u00e3o arterial segundo o n\u00famero de condi\u00e7\u00f5es cr\u00f4nicas. Este tamb\u00e9m foi um resultado pouco esperado que tamb\u00e9m pode ser devido ao vi\u00e9s de sobreviv\u00eancia. Dado a alta ocorr\u00eancia de press\u00e3o arterial e multimorbidade na popula\u00e7\u00e3o idosa, a rela\u00e7\u00e3o entre elas precisa ser mais bem explorada em diferentes estudos para contribuir com o foco das medidas de preven\u00e7\u00e3o para os problemas decorrentes da press\u00e3o alta (problemas card\u00edacos e derrame, por exemplo).<\/p>\n<p style=\"text-align: justify\">Os trabalhos das mestrandas <a href=\"https:\/\/wp.ufpel.edu.br\/gbem\/integrantes-do-grupo\/pesquisadores\/andria-krolow-costa\/\" target=\"_blank\" rel=\"noopener noreferrer\">\u00c2ndria Krolow Costa<\/a> e <a href=\"https:\/\/wp.ufpel.edu.br\/gbem\/integrantes-do-grupo\/pesquisadores\/bruna-borges-coelho\/\" target=\"_blank\" rel=\"noopener noreferrer\">Bruna Borges Coelho<\/a> avaliaram as desigualdades socioecon\u00f4micas da multimorbidade e os determinantes contextuais da satisfa\u00e7\u00e3o com a vida segundo a ocorr\u00eancia de m\u00faltiplos problemas de sa\u00fade. Utilizando dados da Pesquisa Nacional sobre Acesso, Utiliza\u00e7\u00e3o e promo\u00e7\u00e3o do Uso Racional de Medicamentos no Brasil de 2013-2014 (PNAUM), a pesquisadora \u00c2ndria encontrou semelhan\u00e7a na ocorr\u00eancia de multimorbidade segundo classe econ\u00f4mica e escolaridade de adultos brasileiros &#8211; algumas desigualdades foram observadas para homens. Esse resultado divergentes com os estudos j\u00e1 publicados, sinaliza a relev\u00e2ncia de melhor entendimento sobre a rela\u00e7\u00e3o entre n\u00edvel socioecon\u00f4mico e multimorbidade. Considerando que as doen\u00e7as foram medidas pelo relato dos entrevistados sobre diagn\u00f3sticos m\u00e9dicos, sup\u00f5e-se que o acesso aos servi\u00e7os de sa\u00fade tenha influenciado a rela\u00e7\u00e3o entre os indicadores socioecon\u00f4micos e m\u00faltiplas doen\u00e7as. Veja mais <a href=\"https:\/\/www.youtube.com\/watch?v=KrCq0FAHdxE&amp;list=PLWx1nqQdHG5-0Bo7nU83kult94Vvp-3VJ&amp;index=6&amp;t=0s\" target=\"_blank\" rel=\"noopener noreferrer\">aqui<\/a>.<\/p>\n<p style=\"text-align: justify\">Um estudo realizado com pessoas de 50 anos ou mais de idade (Estudo Longitudinal da Sa\u00fade dos Idosos Brasileiros &#8211; ELSI), foi foco do trabalho apresentado pela pesquisadora Bruna. No trabalho, a mestranda encontrou que, contrariando a hip\u00f3tese inicial do estudo, pessoas residentes nas \u00e1reas rurais das regi\u00e3o Norte e Nordeste apresentaram melhor satisfa\u00e7\u00e3o com a vida independentemente da presen\u00e7a de multimorbidade. Clique <a href=\"https:\/\/www.youtube.com\/watch?v=ngLcHw81Lz0&amp;list=PLWx1nqQdHG5-0Bo7nU83kult94Vvp-3VJ&amp;index=5&amp;t=0s\" target=\"_blank\" rel=\"noopener noreferrer\">aqui <\/a>e saiba mais.<\/p>\n<p style=\"text-align: justify\">Os resultados apresentados nos trabalhos citados abrangem diferentes aspectos de sa\u00fade da popula\u00e7\u00e3o incluindo estudo locais e avalia\u00e7\u00f5es nacionais. Parte das achados mostram resultados pouco esperados sinalizando a relev\u00e2ncia da pesquisa para melhor entendimento do processo sa\u00fade-doen\u00e7a baseado em evid\u00eancias cient\u00edficas. Por fim, todas as pesquisadoras destacaram a import\u00e2ncia da participa\u00e7\u00e3o na SIIEPE para seu desenvolvimento profissional e a relev\u00e2ncia da pesquisa para a busca de melhores condi\u00e7\u00f5es de sa\u00fade.<\/p>\n","protected":false},"excerpt":{"rendered":"<p>Veja os trabalhos apresentados pelas pesquisadoras do GBEM na SIIEPE-UFPel, 2019<\/p>\n","protected":false},"author":682,"featured_media":1124,"comment_status":"closed","ping_status":"closed","sticky":false,"template":"","format":"standard","meta":{"jetpack_post_was_ever_published":false,"_jetpack_newsletter_access":"","_jetpack_dont_email_post_to_subs":false,"_jetpack_newsletter_tier_id":0,"_jetpack_memberships_contains_paywalled_content":false,"_jetpack_memberships_contains_paid_content":false,"footnotes":"","jetpack_publicize_message":"","jetpack_publicize_feature_enabled":true,"jetpack_social_post_already_shared":true,"jetpack_social_options":{"image_generator_settings":{"template":"highway","default_image_id":0,"font":"","enabled":false},"version":2}},"categories":[27],"tags":[29],"class_list":["post-1104","post","type-post","status-publish","format-standard","has-post-thumbnail","hentry","category-divulgacao-cientifica","tag-divulgacao-cientifica"],"jetpack_publicize_connections":[],"jetpack_featured_media_url":"https:\/\/wp.ufpel.edu.br\/gbem\/files\/2019\/12\/PHOTO-2019-10-22-10-13-50.jpg","jetpack_sharing_enabled":true,"jetpack_shortlink":"https:\/\/wp.me\/p8Mo6O-hO","_links":{"self":[{"href":"https:\/\/wp.ufpel.edu.br\/gbem\/wp-json\/wp\/v2\/posts\/1104","targetHints":{"allow":["GET"]}}],"collection":[{"href":"https:\/\/wp.ufpel.edu.br\/gbem\/wp-json\/wp\/v2\/posts"}],"about":[{"href":"https:\/\/wp.ufpel.edu.br\/gbem\/wp-json\/wp\/v2\/types\/post"}],"author":[{"embeddable":true,"href":"https:\/\/wp.ufpel.edu.br\/gbem\/wp-json\/wp\/v2\/users\/682"}],"replies":[{"embeddable":true,"href":"https:\/\/wp.ufpel.edu.br\/gbem\/wp-json\/wp\/v2\/comments?post=1104"}],"version-history":[{"count":5,"href":"https:\/\/wp.ufpel.edu.br\/gbem\/wp-json\/wp\/v2\/posts\/1104\/revisions"}],"predecessor-version":[{"id":1129,"href":"https:\/\/wp.ufpel.edu.br\/gbem\/wp-json\/wp\/v2\/posts\/1104\/revisions\/1129"}],"wp:featuredmedia":[{"embeddable":true,"href":"https:\/\/wp.ufpel.edu.br\/gbem\/wp-json\/wp\/v2\/media\/1124"}],"wp:attachment":[{"href":"https:\/\/wp.ufpel.edu.br\/gbem\/wp-json\/wp\/v2\/media?parent=1104"}],"wp:term":[{"taxonomy":"category","embeddable":true,"href":"https:\/\/wp.ufpel.edu.br\/gbem\/wp-json\/wp\/v2\/categories?post=1104"},{"taxonomy":"post_tag","embeddable":true,"href":"https:\/\/wp.ufpel.edu.br\/gbem\/wp-json\/wp\/v2\/tags?post=1104"}],"curies":[{"name":"wp","href":"https:\/\/api.w.org\/{rel}","templated":true}]}}