{"id":812,"date":"2017-03-13T15:51:28","date_gmt":"2017-03-13T18:51:28","guid":{"rendered":"https:\/\/wp.ufpel.edu.br\/ga\/?p=812"},"modified":"2017-03-13T16:17:35","modified_gmt":"2017-03-13T19:17:35","slug":"atencao-formandos","status":"publish","type":"post","link":"https:\/\/wp.ufpel.edu.br\/ga\/2017\/03\/13\/atencao-formandos\/","title":{"rendered":"ATEN\u00c7\u00c3O FORMANDOS"},"content":{"rendered":"<div>A documenta\u00e7\u00e3o dos alunos formandos deve ser entregue na secretaria do colegiado conforme segue:<\/div>\n<div><\/div>\n<div><\/div>\n<div>-&gt;&gt; alunos com cola\u00e7\u00e3o externa marcada para dia 22 de abril de 2017 devem estar com a documenta\u00e7\u00e3o completa na secretaria at\u00e9 dia 17 de mar\u00e7o de 2017;<\/div>\n<div><\/div>\n<div><\/div>\n<div>-&gt;&gt; alunos com cola\u00e7\u00e3o externa marcada para dia 29 de abril de 2017 devem estar com a documenta\u00e7\u00e3o completa na secretaria at\u00e9 dia 24 de mar\u00e7o de 2017;<\/div>\n<div><\/div>\n<div><\/div>\n<div>-&gt;&gt; alunos com cola\u00e7\u00e3o interna marcada para dia 12 de maio de 2017 devem estar com a documenta\u00e7\u00e3o completa na secretaria at\u00e9 dia 04 de abril de 2017.<\/div>\n<div><\/div>\n<div><\/div>\n<div>QUAIS DOCUMENTOS O ALUNO DEVE ENTREGAR?<\/div>\n<div><\/div>\n<div>EST\u00c1GIO CURRICULAR:<\/div>\n<div>\u00a0ter conclu\u00eddo o est\u00e1gio curricular obrigat\u00f3rio e entregar o relat\u00f3rio final de est\u00e1gio (original e assinado). Modelo do documento aqui -&gt;&gt;\u00a0<a href=\"https:\/\/wp.ufpel.edu.br\/ga\/files\/2017\/03\/Relat\u00f3rio-final-de-est\u00e1gio-modelo-coordena\u00e7\u00e3o-1.docx\">Relat\u00f3rio final de est\u00e1gio &#8211; modelo coordena\u00e7\u00e3o<\/a><\/div>\n<div><\/div>\n<div><\/div>\n<div>FORMA\u00c7\u00c3O COMPLEMENTAR:<\/div>\n<div>forma\u00e7\u00e3o complementar: entregar certificados com carga hor\u00e1ria m\u00ednima de 60 horas (originais e c\u00f3pias). Veja aqui -&gt;&gt;\u00a0<a href=\"https:\/\/wp.ufpel.edu.br\/ga\/files\/2017\/03\/Forma\u00e7\u00e3o-complementar-1.pdf\">Forma\u00e7\u00e3o complementar<\/a><\/div>\n<div><\/div>\n<div><\/div>\n<div>FORMA\u00c7\u00c3O LIVRE:<\/div>\n<div>forma\u00e7\u00e3o livre: entregar certificados com carga hor\u00e1ria m\u00ednima de 60 horas (originais e c\u00f3pias). Veja aqui -&gt;&gt;\u00a0<a href=\"https:\/\/wp.ufpel.edu.br\/ga\/files\/2017\/03\/Forma\u00e7\u00e3o-Livre-1.pdf\">Forma\u00e7\u00e3o Livre<\/a><\/div>\n<div><\/div>\n<div><\/div>\n<div><a href=\"https:\/\/wp.ufpel.edu.br\/ga\/files\/2017\/03\/diploma.jpg\"><img class=\"alignnone size-full wp-image-804\" src=\"https:\/\/wp.ufpel.edu.br\/ga\/files\/2017\/03\/diploma.jpg\" alt=\"\" width=\"271\" height=\"186\" srcset=\"https:\/\/wp.ufpel.edu.br\/ga\/files\/2017\/03\/diploma.jpg 271w, https:\/\/wp.ufpel.edu.br\/ga\/files\/2017\/03\/diploma-212x146.jpg 212w\" sizes=\"(max-width: 271px) 100vw, 271px\" \/><\/a><\/div>\n","protected":false},"excerpt":{"rendered":"<p>A documenta\u00e7\u00e3o dos alunos formandos deve ser entregue na secretaria do colegiado conforme segue: -&gt;&gt; alunos com cola\u00e7\u00e3o externa marcada para dia 22 de abril de 2017 devem estar com a documenta\u00e7\u00e3o completa na secretaria at\u00e9 dia 17 de mar\u00e7o de 2017; -&gt;&gt; alunos com cola\u00e7\u00e3o externa marcada para dia 29 de abril de 2017 [&hellip;]<\/p>\n","protected":false},"author":473,"featured_media":0,"comment_status":"closed","ping_status":"closed","sticky":false,"template":"","format":"standard","meta":{"footnotes":""},"categories":[18],"tags":[],"class_list":["post-812","post","type-post","status-publish","format-standard","hentry","category-sem-categoria"],"jetpack_featured_media_url":"","_links":{"self":[{"href":"https:\/\/wp.ufpel.edu.br\/ga\/wp-json\/wp\/v2\/posts\/812","targetHints":{"allow":["GET"]}}],"collection":[{"href":"https:\/\/wp.ufpel.edu.br\/ga\/wp-json\/wp\/v2\/posts"}],"about":[{"href":"https:\/\/wp.ufpel.edu.br\/ga\/wp-json\/wp\/v2\/types\/post"}],"author":[{"embeddable":true,"href":"https:\/\/wp.ufpel.edu.br\/ga\/wp-json\/wp\/v2\/users\/473"}],"replies":[{"embeddable":true,"href":"https:\/\/wp.ufpel.edu.br\/ga\/wp-json\/wp\/v2\/comments?post=812"}],"version-history":[{"count":3,"href":"https:\/\/wp.ufpel.edu.br\/ga\/wp-json\/wp\/v2\/posts\/812\/revisions"}],"predecessor-version":[{"id":819,"href":"https:\/\/wp.ufpel.edu.br\/ga\/wp-json\/wp\/v2\/posts\/812\/revisions\/819"}],"wp:attachment":[{"href":"https:\/\/wp.ufpel.edu.br\/ga\/wp-json\/wp\/v2\/media?parent=812"}],"wp:term":[{"taxonomy":"category","embeddable":true,"href":"https:\/\/wp.ufpel.edu.br\/ga\/wp-json\/wp\/v2\/categories?post=812"},{"taxonomy":"post_tag","embeddable":true,"href":"https:\/\/wp.ufpel.edu.br\/ga\/wp-json\/wp\/v2\/tags?post=812"}],"curies":[{"name":"wp","href":"https:\/\/api.w.org\/{rel}","templated":true}]}}