{"id":4012,"date":"2025-10-28T17:18:21","date_gmt":"2025-10-28T20:18:21","guid":{"rendered":"https:\/\/wp.ufpel.edu.br\/ga\/?p=4012"},"modified":"2025-10-28T17:19:22","modified_gmt":"2025-10-28T20:19:22","slug":"outubro-rosa-na-gestao-ambiental","status":"publish","type":"post","link":"https:\/\/wp.ufpel.edu.br\/ga\/2025\/10\/28\/outubro-rosa-na-gestao-ambiental\/","title":{"rendered":"Outubro Rosa na Gest\u00e3o Ambiental"},"content":{"rendered":"<p style=\"padding-left: 40px;\"><a href=\"https:\/\/wp.ufpel.edu.br\/ga\/2025\/10\/28\/outubro-rosa-na-gestao-ambiental\/img_20251013_161549\/\" rel=\"attachment wp-att-4014\"><img class=\"aligncenter wp-image-4014 size-large\" src=\"https:\/\/wp.ufpel.edu.br\/ga\/files\/2025\/10\/IMG_20251013_161549-1024x768.jpg\" alt=\"\" width=\"1024\" height=\"768\" srcset=\"https:\/\/wp.ufpel.edu.br\/ga\/files\/2025\/10\/IMG_20251013_161549-1024x768.jpg 1024w, https:\/\/wp.ufpel.edu.br\/ga\/files\/2025\/10\/IMG_20251013_161549-400x300.jpg 400w, https:\/\/wp.ufpel.edu.br\/ga\/files\/2025\/10\/IMG_20251013_161549-768x576.jpg 768w, https:\/\/wp.ufpel.edu.br\/ga\/files\/2025\/10\/IMG_20251013_161549-1536x1152.jpg 1536w, https:\/\/wp.ufpel.edu.br\/ga\/files\/2025\/10\/IMG_20251013_161549-2048x1536.jpg 2048w\" sizes=\"(max-width: 1024px) 100vw, 1024px\" \/><\/a><\/p>\n<p>Neste m\u00eas de outubro, em alus\u00e3o ao outubro rosa, o\u00a0 Grupo de Estudos e Solu\u00e7\u00f5es Ambientais (GESA) organizou uma atividade de cuidado e preven\u00e7\u00e3o a sa\u00fade da mulher atrav\u00e9s de uma pr\u00e1tica de escaldap\u00e9s com plantas medicinais e medita\u00e7\u00e3o guiada.<\/p>\n<p>A pr\u00e1tica foi conduzida pelo grupo PICs- RAS da UFPel, de pr\u00e1ticas integrativas em sa\u00fade. Segundo a professora Roberta Karsburg, que auxiliou na organiza\u00e7\u00e3o da pr\u00e1tica, esse momento \u00e9 essencial para que possamos cuidar mais de n\u00f3s e ter a ideia que preven\u00e7\u00e3o \u00e9 muito importante no cuidado da sa\u00fade. A pr\u00e1tica contemplou alunas e professores do curso, um momento de muito relaxamento e mostrando a liga\u00e7\u00e3o do meio ambiente com o cuidado a sa\u00fade, relatou a professora Eduarda Medran Rangel, coordenadora do grupo GESA.<\/p>\n<p><a href=\"https:\/\/wp.ufpel.edu.br\/ga\/2025\/10\/28\/outubro-rosa-na-gestao-ambiental\/img_20251028_141439\/\" rel=\"attachment wp-att-4015\"><img class=\"alignnone wp-image-4015 size-thumbnail\" src=\"https:\/\/wp.ufpel.edu.br\/ga\/files\/2025\/10\/IMG_20251028_141439-200x200.jpg\" alt=\"\" width=\"200\" height=\"200\" \/><\/a> <a href=\"https:\/\/wp.ufpel.edu.br\/ga\/2025\/10\/28\/outubro-rosa-na-gestao-ambiental\/img_20251028_141423\/\" rel=\"attachment wp-att-4016\"><img class=\"alignnone wp-image-4016 size-thumbnail\" src=\"https:\/\/wp.ufpel.edu.br\/ga\/files\/2025\/10\/IMG_20251028_141423-200x200.jpg\" alt=\"\" width=\"200\" height=\"200\" \/><\/a><\/p>\n","protected":false},"excerpt":{"rendered":"<p>Neste m\u00eas de outubro, em alus\u00e3o ao outubro rosa, o\u00a0 Grupo de Estudos e Solu\u00e7\u00f5es Ambientais (GESA) organizou uma atividade de cuidado e preven\u00e7\u00e3o a sa\u00fade da mulher atrav\u00e9s de uma pr\u00e1tica de escaldap\u00e9s com plantas medicinais e medita\u00e7\u00e3o guiada. A pr\u00e1tica foi conduzida pelo grupo PICs- RAS da UFPel, de pr\u00e1ticas integrativas em sa\u00fade. [&hellip;]<\/p>\n","protected":false},"author":473,"featured_media":0,"comment_status":"closed","ping_status":"closed","sticky":false,"template":"","format":"standard","meta":{"footnotes":""},"categories":[10559],"tags":[],"class_list":["post-4012","post","type-post","status-publish","format-standard","hentry","category-informe"],"jetpack_featured_media_url":"","_links":{"self":[{"href":"https:\/\/wp.ufpel.edu.br\/ga\/wp-json\/wp\/v2\/posts\/4012","targetHints":{"allow":["GET"]}}],"collection":[{"href":"https:\/\/wp.ufpel.edu.br\/ga\/wp-json\/wp\/v2\/posts"}],"about":[{"href":"https:\/\/wp.ufpel.edu.br\/ga\/wp-json\/wp\/v2\/types\/post"}],"author":[{"embeddable":true,"href":"https:\/\/wp.ufpel.edu.br\/ga\/wp-json\/wp\/v2\/users\/473"}],"replies":[{"embeddable":true,"href":"https:\/\/wp.ufpel.edu.br\/ga\/wp-json\/wp\/v2\/comments?post=4012"}],"version-history":[{"count":3,"href":"https:\/\/wp.ufpel.edu.br\/ga\/wp-json\/wp\/v2\/posts\/4012\/revisions"}],"predecessor-version":[{"id":4019,"href":"https:\/\/wp.ufpel.edu.br\/ga\/wp-json\/wp\/v2\/posts\/4012\/revisions\/4019"}],"wp:attachment":[{"href":"https:\/\/wp.ufpel.edu.br\/ga\/wp-json\/wp\/v2\/media?parent=4012"}],"wp:term":[{"taxonomy":"category","embeddable":true,"href":"https:\/\/wp.ufpel.edu.br\/ga\/wp-json\/wp\/v2\/categories?post=4012"},{"taxonomy":"post_tag","embeddable":true,"href":"https:\/\/wp.ufpel.edu.br\/ga\/wp-json\/wp\/v2\/tags?post=4012"}],"curies":[{"name":"wp","href":"https:\/\/api.w.org\/{rel}","templated":true}]}}