{"id":3841,"date":"2025-06-05T10:49:51","date_gmt":"2025-06-05T13:49:51","guid":{"rendered":"https:\/\/wp.ufpel.edu.br\/ga\/?p=3841"},"modified":"2025-06-05T10:49:51","modified_gmt":"2025-06-05T13:49:51","slug":"x-saga-acontece-na-proxima-semana","status":"publish","type":"post","link":"https:\/\/wp.ufpel.edu.br\/ga\/2025\/06\/05\/x-saga-acontece-na-proxima-semana\/","title":{"rendered":"X SAGA acontece na pr\u00f3xima semana"},"content":{"rendered":"<p>Nos dias 10, 11 e 12 de junho acontece a X Semana Acad\u00eamica da Gest\u00e3o Ambiental.<br \/>\nAs palestras nos dias 10 e 11 acontecer\u00e3o no audit\u00f3rio da faculdade de direito, rua Felix da Cunha, 363. J\u00e1 as oficinas\/minicursos do dia 12, ocorrer\u00e3o no pr\u00e9dio da Gest\u00e3o Ambiental &#8211; Lobo da Costa, 587.<br \/>\nAbaixo segue a programa\u00e7\u00e3o. Poucas vagas ainda dispon\u00edveis!<\/p>\n<p>&nbsp;<\/p>\n<p><a href=\"https:\/\/wp.ufpel.edu.br\/ga\/2025\/06\/05\/x-saga-acontece-na-proxima-semana\/1-9\/\" rel=\"attachment wp-att-3843\"><img class=\"aligncenter size-medium wp-image-3843\" src=\"https:\/\/wp.ufpel.edu.br\/ga\/files\/2025\/06\/1-1-400x283.jpg\" alt=\"\" width=\"400\" height=\"283\" srcset=\"https:\/\/wp.ufpel.edu.br\/ga\/files\/2025\/06\/1-1-400x283.jpg 400w, https:\/\/wp.ufpel.edu.br\/ga\/files\/2025\/06\/1-1-1024x724.jpg 1024w, https:\/\/wp.ufpel.edu.br\/ga\/files\/2025\/06\/1-1-768x543.jpg 768w, https:\/\/wp.ufpel.edu.br\/ga\/files\/2025\/06\/1-1-1536x1086.jpg 1536w, https:\/\/wp.ufpel.edu.br\/ga\/files\/2025\/06\/1-1.jpg 1600w\" sizes=\"(max-width: 400px) 100vw, 400px\" \/><\/a><\/p>\n","protected":false},"excerpt":{"rendered":"<p>Nos dias 10, 11 e 12 de junho acontece a X Semana Acad\u00eamica da Gest\u00e3o Ambiental. As palestras nos dias 10 e 11 acontecer\u00e3o no audit\u00f3rio da faculdade de direito, rua Felix da Cunha, 363. J\u00e1 as oficinas\/minicursos do dia 12, ocorrer\u00e3o no pr\u00e9dio da Gest\u00e3o Ambiental &#8211; Lobo da Costa, 587. Abaixo segue a [&hellip;]<\/p>\n","protected":false},"author":473,"featured_media":0,"comment_status":"closed","ping_status":"closed","sticky":false,"template":"","format":"standard","meta":{"footnotes":""},"categories":[10560,10559],"tags":[],"class_list":["post-3841","post","type-post","status-publish","format-standard","hentry","category-convite","category-informe"],"jetpack_featured_media_url":"","_links":{"self":[{"href":"https:\/\/wp.ufpel.edu.br\/ga\/wp-json\/wp\/v2\/posts\/3841","targetHints":{"allow":["GET"]}}],"collection":[{"href":"https:\/\/wp.ufpel.edu.br\/ga\/wp-json\/wp\/v2\/posts"}],"about":[{"href":"https:\/\/wp.ufpel.edu.br\/ga\/wp-json\/wp\/v2\/types\/post"}],"author":[{"embeddable":true,"href":"https:\/\/wp.ufpel.edu.br\/ga\/wp-json\/wp\/v2\/users\/473"}],"replies":[{"embeddable":true,"href":"https:\/\/wp.ufpel.edu.br\/ga\/wp-json\/wp\/v2\/comments?post=3841"}],"version-history":[{"count":2,"href":"https:\/\/wp.ufpel.edu.br\/ga\/wp-json\/wp\/v2\/posts\/3841\/revisions"}],"predecessor-version":[{"id":3845,"href":"https:\/\/wp.ufpel.edu.br\/ga\/wp-json\/wp\/v2\/posts\/3841\/revisions\/3845"}],"wp:attachment":[{"href":"https:\/\/wp.ufpel.edu.br\/ga\/wp-json\/wp\/v2\/media?parent=3841"}],"wp:term":[{"taxonomy":"category","embeddable":true,"href":"https:\/\/wp.ufpel.edu.br\/ga\/wp-json\/wp\/v2\/categories?post=3841"},{"taxonomy":"post_tag","embeddable":true,"href":"https:\/\/wp.ufpel.edu.br\/ga\/wp-json\/wp\/v2\/tags?post=3841"}],"curies":[{"name":"wp","href":"https:\/\/api.w.org\/{rel}","templated":true}]}}