{"id":3281,"date":"2023-03-07T08:26:04","date_gmt":"2023-03-07T11:26:04","guid":{"rendered":"https:\/\/wp.ufpel.edu.br\/ga\/?p=3281"},"modified":"2023-03-07T08:26:04","modified_gmt":"2023-03-07T11:26:04","slug":"ufpel-lanca-processo-seletivo-simplificado-para-docentes","status":"publish","type":"post","link":"https:\/\/wp.ufpel.edu.br\/ga\/2023\/03\/07\/ufpel-lanca-processo-seletivo-simplificado-para-docentes\/","title":{"rendered":"UFPel lan\u00e7a processo seletivo simplificado para docentes"},"content":{"rendered":"<p><img class=\"alignleft\" src=\"https:\/\/ccs2.ufpel.edu.br\/wp\/wp-content\/uploads\/2023\/02\/Editar-professor-substituto-400x320.png\" \/><\/p>\n<p>A\u00a0<strong>Universidade Federal de Pelotas<\/strong>\u00a0(UFPel) lan\u00e7ou edital para contrata\u00e7\u00e3o por tempo determinado para\u00a0<strong>27 vagas<\/strong>\u00a0de professoras e professores substitutos. As\u00a0<strong>inscri\u00e7\u00f5es<\/strong>, abertas\u00a0<strong>at\u00e9 9 de mar\u00e7o<\/strong>, s\u00e3o recebidas exclusivamente\u00a0<a href=\"http:\/\/ces.ufpel.edu.br\/conctecadmed0008_2023\/\" target=\"_blank\" rel=\"noopener\">pela Internet<\/a>.<\/p>\n<p>As informa\u00e7\u00f5es sobre \u00e1reas, requisitos, provas, reserva de vagas, carga hor\u00e1ria, remunera\u00e7\u00e3o e demais procedimentos para inscri\u00e7\u00e3o est\u00e3o detalhadas no\u00a0<a href=\"http:\/\/ces.ufpel.edu.br\/conctecadmed0008_2023\/download\/2023\/SEI_UFPel%20-%202057115%20-%20Edital.pdf\" target=\"_blank\" rel=\"noopener\">Edital<\/a>.<\/p>\n<p>&nbsp;<\/p>\n<p>&nbsp;<\/p>\n","protected":false},"excerpt":{"rendered":"<p>A\u00a0Universidade Federal de Pelotas\u00a0(UFPel) lan\u00e7ou edital para contrata\u00e7\u00e3o por tempo determinado para\u00a027 vagas\u00a0de professoras e professores substitutos. As\u00a0inscri\u00e7\u00f5es, abertas\u00a0at\u00e9 9 de mar\u00e7o, s\u00e3o recebidas exclusivamente\u00a0pela Internet. As informa\u00e7\u00f5es sobre \u00e1reas, requisitos, provas, reserva de vagas, carga hor\u00e1ria, remunera\u00e7\u00e3o e demais procedimentos para inscri\u00e7\u00e3o est\u00e3o detalhadas no\u00a0Edital. &nbsp; &nbsp;<\/p>\n","protected":false},"author":473,"featured_media":0,"comment_status":"closed","ping_status":"closed","sticky":false,"template":"","format":"standard","meta":{"footnotes":""},"categories":[10559,18],"tags":[],"class_list":["post-3281","post","type-post","status-publish","format-standard","hentry","category-informe","category-sem-categoria"],"jetpack_featured_media_url":"","_links":{"self":[{"href":"https:\/\/wp.ufpel.edu.br\/ga\/wp-json\/wp\/v2\/posts\/3281","targetHints":{"allow":["GET"]}}],"collection":[{"href":"https:\/\/wp.ufpel.edu.br\/ga\/wp-json\/wp\/v2\/posts"}],"about":[{"href":"https:\/\/wp.ufpel.edu.br\/ga\/wp-json\/wp\/v2\/types\/post"}],"author":[{"embeddable":true,"href":"https:\/\/wp.ufpel.edu.br\/ga\/wp-json\/wp\/v2\/users\/473"}],"replies":[{"embeddable":true,"href":"https:\/\/wp.ufpel.edu.br\/ga\/wp-json\/wp\/v2\/comments?post=3281"}],"version-history":[{"count":1,"href":"https:\/\/wp.ufpel.edu.br\/ga\/wp-json\/wp\/v2\/posts\/3281\/revisions"}],"predecessor-version":[{"id":3283,"href":"https:\/\/wp.ufpel.edu.br\/ga\/wp-json\/wp\/v2\/posts\/3281\/revisions\/3283"}],"wp:attachment":[{"href":"https:\/\/wp.ufpel.edu.br\/ga\/wp-json\/wp\/v2\/media?parent=3281"}],"wp:term":[{"taxonomy":"category","embeddable":true,"href":"https:\/\/wp.ufpel.edu.br\/ga\/wp-json\/wp\/v2\/categories?post=3281"},{"taxonomy":"post_tag","embeddable":true,"href":"https:\/\/wp.ufpel.edu.br\/ga\/wp-json\/wp\/v2\/tags?post=3281"}],"curies":[{"name":"wp","href":"https:\/\/api.w.org\/{rel}","templated":true}]}}