{"id":2637,"date":"2020-09-25T11:03:56","date_gmt":"2020-09-25T14:03:56","guid":{"rendered":"https:\/\/wp.ufpel.edu.br\/ga\/?p=2637"},"modified":"2020-09-25T11:03:56","modified_gmt":"2020-09-25T14:03:56","slug":"importantes-informacoes","status":"publish","type":"post","link":"https:\/\/wp.ufpel.edu.br\/ga\/2020\/09\/25\/importantes-informacoes\/","title":{"rendered":"IMPORTANTES INFORMA\u00c7\u00d5ES"},"content":{"rendered":"<p>Considerando o regramento espec\u00edfico para estabelecimento do Calend\u00e1rio Acad\u00eamico Remoto, para o retorno as atividades acad\u00eamicas (outubro de 2020), informa-se que:<br \/>\n&#8211; ao aluno que aderir a esta modalidade, efetuando sua matr\u00edcula, \u00e9 recomendado manter um n\u00famero de cr\u00e9ditos que permitam o bom acompanhamento, sabendo que esta modalidade requer um tempo maior para execu\u00e7\u00e3o das tarefas.<br \/>\nConsiderando-se que as disciplinas estar\u00e3o organizadas em atividades ass\u00edncronas e s\u00edncronas;<br \/>\n&#8211; considerando-se que a grade de hor\u00e1rios apresenta o turno e dia em que ser\u00e3o realizados os encontros s\u00edncronos a serem acordados entre o professor e os alunos e que \u00e9 poss\u00edvel que o sistema permita a matr\u00edcula em disciplinas de diferentes semestres no mesmo hor\u00e1rio, contudo esta a\u00e7\u00e3o poder\u00e1 prejudicar o desempenho acad\u00eamico pela sobrecarga de atividades: a frequ\u00eancia n\u00e3o dever\u00e1 ser contabilizada pela participa\u00e7\u00e3o na atividade s\u00edncrona.<\/p>\n","protected":false},"excerpt":{"rendered":"<p>Considerando o regramento espec\u00edfico para estabelecimento do Calend\u00e1rio Acad\u00eamico Remoto, para o retorno as atividades acad\u00eamicas (outubro de 2020), informa-se que: &#8211; ao aluno que aderir a esta modalidade, efetuando sua matr\u00edcula, \u00e9 recomendado manter um n\u00famero de cr\u00e9ditos que permitam o bom acompanhamento, sabendo que esta modalidade requer um tempo maior para execu\u00e7\u00e3o das [&hellip;]<\/p>\n","protected":false},"author":473,"featured_media":0,"comment_status":"closed","ping_status":"closed","sticky":false,"template":"","format":"standard","meta":{"footnotes":""},"categories":[18],"tags":[],"class_list":["post-2637","post","type-post","status-publish","format-standard","hentry","category-sem-categoria"],"jetpack_featured_media_url":"","_links":{"self":[{"href":"https:\/\/wp.ufpel.edu.br\/ga\/wp-json\/wp\/v2\/posts\/2637","targetHints":{"allow":["GET"]}}],"collection":[{"href":"https:\/\/wp.ufpel.edu.br\/ga\/wp-json\/wp\/v2\/posts"}],"about":[{"href":"https:\/\/wp.ufpel.edu.br\/ga\/wp-json\/wp\/v2\/types\/post"}],"author":[{"embeddable":true,"href":"https:\/\/wp.ufpel.edu.br\/ga\/wp-json\/wp\/v2\/users\/473"}],"replies":[{"embeddable":true,"href":"https:\/\/wp.ufpel.edu.br\/ga\/wp-json\/wp\/v2\/comments?post=2637"}],"version-history":[{"count":2,"href":"https:\/\/wp.ufpel.edu.br\/ga\/wp-json\/wp\/v2\/posts\/2637\/revisions"}],"predecessor-version":[{"id":2640,"href":"https:\/\/wp.ufpel.edu.br\/ga\/wp-json\/wp\/v2\/posts\/2637\/revisions\/2640"}],"wp:attachment":[{"href":"https:\/\/wp.ufpel.edu.br\/ga\/wp-json\/wp\/v2\/media?parent=2637"}],"wp:term":[{"taxonomy":"category","embeddable":true,"href":"https:\/\/wp.ufpel.edu.br\/ga\/wp-json\/wp\/v2\/categories?post=2637"},{"taxonomy":"post_tag","embeddable":true,"href":"https:\/\/wp.ufpel.edu.br\/ga\/wp-json\/wp\/v2\/tags?post=2637"}],"curies":[{"name":"wp","href":"https:\/\/api.w.org\/{rel}","templated":true}]}}