{"id":2560,"date":"2020-05-27T11:37:55","date_gmt":"2020-05-27T14:37:55","guid":{"rendered":"https:\/\/wp.ufpel.edu.br\/ga\/?p=2560"},"modified":"2020-05-27T11:38:33","modified_gmt":"2020-05-27T14:38:33","slug":"publicado-o-calendario-alternativo-com-todas-as-suas-datas","status":"publish","type":"post","link":"https:\/\/wp.ufpel.edu.br\/ga\/2020\/05\/27\/publicado-o-calendario-alternativo-com-todas-as-suas-datas\/","title":{"rendered":"Publicado o Calend\u00e1rio Alternativo com todas as suas datas"},"content":{"rendered":"<h1 class=\"corTexto\">Publicado o Calend\u00e1rio Alternativo com todas as suas datas<\/h1>\n<p>A UFPel publicou nesta ter\u00e7a-feira (26) o Calend\u00e1rio Alternativo da Universidade, aprovado pelo Conselho Coordenador do Ensino, da Pesquisa e da Extens\u00e3o (Cocepe) na sexta-feira (22).<\/p>\n<p>O Calend\u00e1rio \u00e9 suplementar ao do primeiro semestre de 2020, que est\u00e1 apenas suspenso, n\u00e3o sendo substitu\u00eddo.<\/p>\n<p>As matr\u00edculas feitas pelos estudantes para as disciplinas de 2020\/1 continuam valendo e o Calend\u00e1rio do primeiro semestre dever\u00e1 ser retomado quando retornarem as aulas presenciais.<\/p>\n<p>As atividades remotas do Alternativo iniciam em 22 de junho, acabando em 12 de setembro.<\/p>\n<p>Veja o Calend\u00e1rio Alternativo em https:\/\/sei.ufpel.edu.br\/sei\/publicacoes\/controlador_publicacoes.php?acao=publicacao_visualizar&amp;id_documento=1093670&amp;id_orgao_publicacao=0 .<\/p>\n<p>Os estudantes devem ficar atentos \u00e0s datas de abertura das matr\u00edculas para este per\u00edodo especial, constantes no Calend\u00e1rio Alternativo publicado nesta ter\u00e7a-feira (26).<\/p>\n<p>Como ser\u00e1<\/p>\n<p>Ser\u00e3o atividades remotas durante 12 semanas, a partir de 22 de junho, para gradua\u00e7\u00e3o e para p\u00f3s-gradua\u00e7\u00e3o. O Calend\u00e1rio Acad\u00eamico de 2020 fica suspenso, sendo o Alternativo complementar. As matr\u00edculas j\u00e1 feitas para o primeiro semestre continuam valendo.<\/p>\n<p>Durante este per\u00edodo, que vai at\u00e9 12 de setembro, disciplinas optativas poder\u00e3o ser livremente oferecidas, enquanto que as obrigat\u00f3rias dever\u00e3o passar por avalia\u00e7\u00e3o dos Colegiados de Curso e serem, preferencialmente, ofertadas para concluintes.<\/p>\n<p>As pr\u00e1ticas s\u00f3 ser\u00e3o realizadas cem por cento remotamente, n\u00e3o poder\u00e3o ser presenciais, tamb\u00e9m depois de passarem por avalia\u00e7\u00e3o dos colegiados. \u00a0Somente os cursos de bacharelados e tecnol\u00f3gicos poder\u00e3o oferecer est\u00e1gios, j\u00e1 que os de licenciaturas n\u00e3o t\u00eam como, devido ao n\u00e3o funcionamento das aulas.<\/p>\n<p>Quanto aos TCCs (Trabalhos de Conclus\u00e3o de Curso) ser\u00e3o tamb\u00e9m feitos com orienta\u00e7\u00e3o remota, quando poss\u00edvel. Cerim\u00f4nias de Cola\u00e7\u00e3o de Grau ocorrer\u00e3o online.<\/p>\n","protected":false},"excerpt":{"rendered":"<p>Publicado o Calend\u00e1rio Alternativo com todas as suas datas A UFPel publicou nesta ter\u00e7a-feira (26) o Calend\u00e1rio Alternativo da Universidade, aprovado pelo Conselho Coordenador do Ensino, da Pesquisa e da Extens\u00e3o (Cocepe) na sexta-feira (22). O Calend\u00e1rio \u00e9 suplementar ao do primeiro semestre de 2020, que est\u00e1 apenas suspenso, n\u00e3o sendo substitu\u00eddo. As matr\u00edculas feitas [&hellip;]<\/p>\n","protected":false},"author":473,"featured_media":0,"comment_status":"closed","ping_status":"closed","sticky":false,"template":"","format":"standard","meta":{"footnotes":""},"categories":[18],"tags":[],"class_list":["post-2560","post","type-post","status-publish","format-standard","hentry","category-sem-categoria"],"jetpack_featured_media_url":"","_links":{"self":[{"href":"https:\/\/wp.ufpel.edu.br\/ga\/wp-json\/wp\/v2\/posts\/2560","targetHints":{"allow":["GET"]}}],"collection":[{"href":"https:\/\/wp.ufpel.edu.br\/ga\/wp-json\/wp\/v2\/posts"}],"about":[{"href":"https:\/\/wp.ufpel.edu.br\/ga\/wp-json\/wp\/v2\/types\/post"}],"author":[{"embeddable":true,"href":"https:\/\/wp.ufpel.edu.br\/ga\/wp-json\/wp\/v2\/users\/473"}],"replies":[{"embeddable":true,"href":"https:\/\/wp.ufpel.edu.br\/ga\/wp-json\/wp\/v2\/comments?post=2560"}],"version-history":[{"count":1,"href":"https:\/\/wp.ufpel.edu.br\/ga\/wp-json\/wp\/v2\/posts\/2560\/revisions"}],"predecessor-version":[{"id":2562,"href":"https:\/\/wp.ufpel.edu.br\/ga\/wp-json\/wp\/v2\/posts\/2560\/revisions\/2562"}],"wp:attachment":[{"href":"https:\/\/wp.ufpel.edu.br\/ga\/wp-json\/wp\/v2\/media?parent=2560"}],"wp:term":[{"taxonomy":"category","embeddable":true,"href":"https:\/\/wp.ufpel.edu.br\/ga\/wp-json\/wp\/v2\/categories?post=2560"},{"taxonomy":"post_tag","embeddable":true,"href":"https:\/\/wp.ufpel.edu.br\/ga\/wp-json\/wp\/v2\/tags?post=2560"}],"curies":[{"name":"wp","href":"https:\/\/api.w.org\/{rel}","templated":true}]}}