{"id":2519,"date":"2020-03-31T16:32:51","date_gmt":"2020-03-31T19:32:51","guid":{"rendered":"https:\/\/wp.ufpel.edu.br\/ga\/?p=2519"},"modified":"2020-03-31T16:35:04","modified_gmt":"2020-03-31T19:35:04","slug":"teste-proficiencia-fundamentos-de-informatica","status":"publish","type":"post","link":"https:\/\/wp.ufpel.edu.br\/ga\/2020\/03\/31\/teste-proficiencia-fundamentos-de-informatica\/","title":{"rendered":"TESTE PROFICI\u00caNCIA FUNDAMENTOS DE INFORM\u00c1TICA"},"content":{"rendered":"<p>TESTE PROFICI\u00caNCIA FUNDAMENTOS DE INFORM\u00c1TICA<\/p>\n<p>A Coordena\u00e7\u00e3o do Curso de Gest\u00e3o Ambiental Bacharelado informa a listagem de alunos inscritos e homologados para o teste de profici\u00eancia de FUNDAMENTOS DE INFORM\u00c1TICA.<\/p>\n<p><a href=\"https:\/\/wp.ufpel.edu.br\/ga\/files\/2020\/03\/Homologa\u00e7\u00e3o-teste-profici\u00eancia.pdf\">Homologa\u00e7\u00e3o teste profici\u00eancia\u00a0<\/a><\/p>\n<p>Segue abaixo a caracteriza\u00e7\u00e3o da disciplina FUNDAMENTOS DE INFORM\u00c1TICA -&gt; <a href=\"https:\/\/wp.ufpel.edu.br\/ga\/files\/2020\/03\/Caracteriza\u00e7\u00e3o-da-disciplina-Fundamentos-de-Inform\u00e1tica.pdf\">Caracteriza\u00e7\u00e3o da disciplina Fundamentos de Inform\u00e1tica<\/a><\/p>\n","protected":false},"excerpt":{"rendered":"<p>TESTE PROFICI\u00caNCIA FUNDAMENTOS DE INFORM\u00c1TICA A Coordena\u00e7\u00e3o do Curso de Gest\u00e3o Ambiental Bacharelado informa a listagem de alunos inscritos e homologados para o teste de profici\u00eancia de FUNDAMENTOS DE INFORM\u00c1TICA. Homologa\u00e7\u00e3o teste profici\u00eancia\u00a0 Segue abaixo a caracteriza\u00e7\u00e3o da disciplina FUNDAMENTOS DE INFORM\u00c1TICA -&gt; Caracteriza\u00e7\u00e3o da disciplina Fundamentos de Inform\u00e1tica<\/p>\n","protected":false},"author":473,"featured_media":0,"comment_status":"closed","ping_status":"closed","sticky":false,"template":"","format":"standard","meta":{"footnotes":""},"categories":[18],"tags":[],"class_list":["post-2519","post","type-post","status-publish","format-standard","hentry","category-sem-categoria"],"jetpack_featured_media_url":"","_links":{"self":[{"href":"https:\/\/wp.ufpel.edu.br\/ga\/wp-json\/wp\/v2\/posts\/2519","targetHints":{"allow":["GET"]}}],"collection":[{"href":"https:\/\/wp.ufpel.edu.br\/ga\/wp-json\/wp\/v2\/posts"}],"about":[{"href":"https:\/\/wp.ufpel.edu.br\/ga\/wp-json\/wp\/v2\/types\/post"}],"author":[{"embeddable":true,"href":"https:\/\/wp.ufpel.edu.br\/ga\/wp-json\/wp\/v2\/users\/473"}],"replies":[{"embeddable":true,"href":"https:\/\/wp.ufpel.edu.br\/ga\/wp-json\/wp\/v2\/comments?post=2519"}],"version-history":[{"count":1,"href":"https:\/\/wp.ufpel.edu.br\/ga\/wp-json\/wp\/v2\/posts\/2519\/revisions"}],"predecessor-version":[{"id":2523,"href":"https:\/\/wp.ufpel.edu.br\/ga\/wp-json\/wp\/v2\/posts\/2519\/revisions\/2523"}],"wp:attachment":[{"href":"https:\/\/wp.ufpel.edu.br\/ga\/wp-json\/wp\/v2\/media?parent=2519"}],"wp:term":[{"taxonomy":"category","embeddable":true,"href":"https:\/\/wp.ufpel.edu.br\/ga\/wp-json\/wp\/v2\/categories?post=2519"},{"taxonomy":"post_tag","embeddable":true,"href":"https:\/\/wp.ufpel.edu.br\/ga\/wp-json\/wp\/v2\/tags?post=2519"}],"curies":[{"name":"wp","href":"https:\/\/api.w.org\/{rel}","templated":true}]}}