{"id":2494,"date":"2020-03-21T09:23:46","date_gmt":"2020-03-21T12:23:46","guid":{"rendered":"https:\/\/wp.ufpel.edu.br\/ga\/?p=2494"},"modified":"2020-03-21T09:23:46","modified_gmt":"2020-03-21T12:23:46","slug":"correcao-de-matricula-3","status":"publish","type":"post","link":"https:\/\/wp.ufpel.edu.br\/ga\/2020\/03\/21\/correcao-de-matricula-3\/","title":{"rendered":"CORRE\u00c7\u00c3O DE MATR\u00cdCULA"},"content":{"rendered":"<p>Informo que todas as matr\u00edculas j\u00e1 foram processadas no sistema cobalto. Solicito que os alunos verifiquem no cobalto se seu comprovante de matr\u00edcula est\u00e1 correto. Caso n\u00e3o esteja, entre em contato com a secretaria (gasecretaria.ufpel@gmail.com) e informe o que est\u00e1 em desacordo.<\/p>\n<p>Para os alunos que ir\u00e3o cursar a disciplina Estat\u00edstica Descritiva (no curso de Turismo), a matr\u00edcula de Fundamentos de Estat\u00edstica (GAB) ainda n\u00e3o foi exclu\u00edda \u2013\u00a0ser\u00e1 efetivado em breve. N\u00e3o se preocupe!<\/p>\n","protected":false},"excerpt":{"rendered":"<p>Informo que todas as matr\u00edculas j\u00e1 foram processadas no sistema cobalto. Solicito que os alunos verifiquem no cobalto se seu comprovante de matr\u00edcula est\u00e1 correto. Caso n\u00e3o esteja, entre em contato com a secretaria (gasecretaria.ufpel@gmail.com) e informe o que est\u00e1 em desacordo. Para os alunos que ir\u00e3o cursar a disciplina Estat\u00edstica Descritiva (no curso de [&hellip;]<\/p>\n","protected":false},"author":473,"featured_media":0,"comment_status":"closed","ping_status":"closed","sticky":false,"template":"","format":"standard","meta":{"footnotes":""},"categories":[18],"tags":[],"class_list":["post-2494","post","type-post","status-publish","format-standard","hentry","category-sem-categoria"],"jetpack_featured_media_url":"","_links":{"self":[{"href":"https:\/\/wp.ufpel.edu.br\/ga\/wp-json\/wp\/v2\/posts\/2494","targetHints":{"allow":["GET"]}}],"collection":[{"href":"https:\/\/wp.ufpel.edu.br\/ga\/wp-json\/wp\/v2\/posts"}],"about":[{"href":"https:\/\/wp.ufpel.edu.br\/ga\/wp-json\/wp\/v2\/types\/post"}],"author":[{"embeddable":true,"href":"https:\/\/wp.ufpel.edu.br\/ga\/wp-json\/wp\/v2\/users\/473"}],"replies":[{"embeddable":true,"href":"https:\/\/wp.ufpel.edu.br\/ga\/wp-json\/wp\/v2\/comments?post=2494"}],"version-history":[{"count":1,"href":"https:\/\/wp.ufpel.edu.br\/ga\/wp-json\/wp\/v2\/posts\/2494\/revisions"}],"predecessor-version":[{"id":2496,"href":"https:\/\/wp.ufpel.edu.br\/ga\/wp-json\/wp\/v2\/posts\/2494\/revisions\/2496"}],"wp:attachment":[{"href":"https:\/\/wp.ufpel.edu.br\/ga\/wp-json\/wp\/v2\/media?parent=2494"}],"wp:term":[{"taxonomy":"category","embeddable":true,"href":"https:\/\/wp.ufpel.edu.br\/ga\/wp-json\/wp\/v2\/categories?post=2494"},{"taxonomy":"post_tag","embeddable":true,"href":"https:\/\/wp.ufpel.edu.br\/ga\/wp-json\/wp\/v2\/tags?post=2494"}],"curies":[{"name":"wp","href":"https:\/\/api.w.org\/{rel}","templated":true}]}}