{"id":2222,"date":"2019-08-19T11:50:11","date_gmt":"2019-08-19T14:50:11","guid":{"rendered":"https:\/\/wp.ufpel.edu.br\/ga\/?p=2222"},"modified":"2019-08-20T15:59:42","modified_gmt":"2019-08-20T18:59:42","slug":"convocacao-para-reuniao-alunos-cstga-enade","status":"publish","type":"post","link":"https:\/\/wp.ufpel.edu.br\/ga\/2019\/08\/19\/convocacao-para-reuniao-alunos-cstga-enade\/","title":{"rendered":"CONVOCA\u00c7\u00c3O PARA REUNI\u00c3O &#8211; ALUNOS CSTGA ENADE"},"content":{"rendered":"<p style=\"text-align: center\"><strong>ATEN\u00c7\u00c3O ALUNOS CSTGA<\/strong><\/p>\n<p>A Coordena\u00e7\u00e3o do <em>Curso Superior de Tecnologia em Gest\u00e3o Ambiental <\/em>CONVOCA os alunos do CSTGA listados no anexo para reuni\u00e3o a ser realizada no dia 27 de agosto de 2019 (ter\u00e7a-feira), com in\u00edcio \u00e0s 17:00, na sala de reuni\u00f5es do curso colegiado do curso (sito \u00e0 rua Almirante Barroso, 1734 \u2013 sala 201).<\/p>\n<p><em>ORDEM DO DIA <\/em><\/p>\n<p><strong>\u00a0<\/strong><em>Informes<\/em><\/p>\n<p><em>\u00a0<\/em>1 \u2013 ENADE 2019<\/p>\n<p><em>Assuntos gerais.<\/em><\/p>\n<p>&nbsp;<\/p>\n<p>Clique aqui para ver a \u00edntegra da convoca\u00e7\u00e3o e a listagem dos alunos convocados para reuni\u00e3o: <a href=\"https:\/\/wp.ufpel.edu.br\/ga\/files\/2019\/08\/Convoca\u00e7\u00e3o-reuni\u00e3o-ENADE.pdf\">Convoca\u00e7\u00e3o reuni\u00e3o ENADE<\/a><\/p>\n<p>&nbsp;<\/p>\n","protected":false},"excerpt":{"rendered":"<p>ATEN\u00c7\u00c3O ALUNOS CSTGA A Coordena\u00e7\u00e3o do Curso Superior de Tecnologia em Gest\u00e3o Ambiental CONVOCA os alunos do CSTGA listados no anexo para reuni\u00e3o a ser realizada no dia 27 de agosto de 2019 (ter\u00e7a-feira), com in\u00edcio \u00e0s 17:00, na sala de reuni\u00f5es do curso colegiado do curso (sito \u00e0 rua Almirante Barroso, 1734 \u2013 sala [&hellip;]<\/p>\n","protected":false},"author":473,"featured_media":0,"comment_status":"closed","ping_status":"closed","sticky":false,"template":"","format":"standard","meta":{"footnotes":""},"categories":[18],"tags":[],"class_list":["post-2222","post","type-post","status-publish","format-standard","hentry","category-sem-categoria"],"jetpack_featured_media_url":"","_links":{"self":[{"href":"https:\/\/wp.ufpel.edu.br\/ga\/wp-json\/wp\/v2\/posts\/2222","targetHints":{"allow":["GET"]}}],"collection":[{"href":"https:\/\/wp.ufpel.edu.br\/ga\/wp-json\/wp\/v2\/posts"}],"about":[{"href":"https:\/\/wp.ufpel.edu.br\/ga\/wp-json\/wp\/v2\/types\/post"}],"author":[{"embeddable":true,"href":"https:\/\/wp.ufpel.edu.br\/ga\/wp-json\/wp\/v2\/users\/473"}],"replies":[{"embeddable":true,"href":"https:\/\/wp.ufpel.edu.br\/ga\/wp-json\/wp\/v2\/comments?post=2222"}],"version-history":[{"count":3,"href":"https:\/\/wp.ufpel.edu.br\/ga\/wp-json\/wp\/v2\/posts\/2222\/revisions"}],"predecessor-version":[{"id":2230,"href":"https:\/\/wp.ufpel.edu.br\/ga\/wp-json\/wp\/v2\/posts\/2222\/revisions\/2230"}],"wp:attachment":[{"href":"https:\/\/wp.ufpel.edu.br\/ga\/wp-json\/wp\/v2\/media?parent=2222"}],"wp:term":[{"taxonomy":"category","embeddable":true,"href":"https:\/\/wp.ufpel.edu.br\/ga\/wp-json\/wp\/v2\/categories?post=2222"},{"taxonomy":"post_tag","embeddable":true,"href":"https:\/\/wp.ufpel.edu.br\/ga\/wp-json\/wp\/v2\/tags?post=2222"}],"curies":[{"name":"wp","href":"https:\/\/api.w.org\/{rel}","templated":true}]}}