{"id":189,"date":"2015-05-15T11:33:14","date_gmt":"2015-05-15T14:33:14","guid":{"rendered":"https:\/\/wp.ufpel.edu.br\/ga\/?p=189"},"modified":"2015-05-15T11:33:14","modified_gmt":"2015-05-15T14:33:14","slug":"iv-semana-academica-da-gestao-ambiental","status":"publish","type":"post","link":"https:\/\/wp.ufpel.edu.br\/ga\/2015\/05\/15\/iv-semana-academica-da-gestao-ambiental\/","title":{"rendered":"IV Semana Acad\u00eamica da Gest\u00e3o Ambiental"},"content":{"rendered":"<p><a href=\"https:\/\/wp.ufpel.edu.br\/ga\/files\/2015\/05\/Semana-Acad\u00eamica-Gest\u00e3o-Ambiental-UFPEL-CARTAZ.jpg\"><img src=\"https:\/\/wp.ufpel.edu.br\/ga\/files\/2015\/05\/Semana-Acad\u00eamica-Gest\u00e3o-Ambiental-UFPEL-CARTAZ-225x318.jpg\" alt=\"Semana Acad\u00eamica Gest\u00e3o Ambiental - UFPEL - CARTAZ\" width=\"225\" height=\"318\" class=\"alignnone size-medium wp-image-187\" srcset=\"https:\/\/wp.ufpel.edu.br\/ga\/files\/2015\/05\/Semana-Acad\u00eamica-Gest\u00e3o-Ambiental-UFPEL-CARTAZ-225x318.jpg 225w, https:\/\/wp.ufpel.edu.br\/ga\/files\/2015\/05\/Semana-Acad\u00eamica-Gest\u00e3o-Ambiental-UFPEL-CARTAZ-112x159.jpg 112w\" sizes=\"(max-width: 225px) 100vw, 225px\" \/><\/a><a href=\"https:\/\/wp.ufpel.edu.br\/ga\/files\/2015\/05\/Semana-Acad\u00eamica-Gest\u00e3o-Ambiental-UFPEL-Programa\u00e7\u00e3o-Completa.jpg\"><img src=\"https:\/\/wp.ufpel.edu.br\/ga\/files\/2015\/05\/Semana-Acad\u00eamica-Gest\u00e3o-Ambiental-UFPEL-Programa\u00e7\u00e3o-Completa-418x318.jpg\" alt=\"Semana Acad\u00eamica Gest\u00e3o Ambiental - UFPEL - Programa\u00e7\u00e3o Completa\" width=\"418\" height=\"318\" class=\"alignnone size-medium wp-image-188\" srcset=\"https:\/\/wp.ufpel.edu.br\/ga\/files\/2015\/05\/Semana-Acad\u00eamica-Gest\u00e3o-Ambiental-UFPEL-Programa\u00e7\u00e3o-Completa-418x318.jpg 418w, https:\/\/wp.ufpel.edu.br\/ga\/files\/2015\/05\/Semana-Acad\u00eamica-Gest\u00e3o-Ambiental-UFPEL-Programa\u00e7\u00e3o-Completa-209x159.jpg 209w\" sizes=\"(max-width: 418px) 100vw, 418px\" \/><\/a><\/p>\n","protected":false},"excerpt":{"rendered":"","protected":false},"author":473,"featured_media":0,"comment_status":"closed","ping_status":"closed","sticky":false,"template":"","format":"standard","meta":{"footnotes":""},"categories":[18],"tags":[],"class_list":["post-189","post","type-post","status-publish","format-standard","hentry","category-sem-categoria"],"jetpack_featured_media_url":"","_links":{"self":[{"href":"https:\/\/wp.ufpel.edu.br\/ga\/wp-json\/wp\/v2\/posts\/189","targetHints":{"allow":["GET"]}}],"collection":[{"href":"https:\/\/wp.ufpel.edu.br\/ga\/wp-json\/wp\/v2\/posts"}],"about":[{"href":"https:\/\/wp.ufpel.edu.br\/ga\/wp-json\/wp\/v2\/types\/post"}],"author":[{"embeddable":true,"href":"https:\/\/wp.ufpel.edu.br\/ga\/wp-json\/wp\/v2\/users\/473"}],"replies":[{"embeddable":true,"href":"https:\/\/wp.ufpel.edu.br\/ga\/wp-json\/wp\/v2\/comments?post=189"}],"version-history":[{"count":1,"href":"https:\/\/wp.ufpel.edu.br\/ga\/wp-json\/wp\/v2\/posts\/189\/revisions"}],"predecessor-version":[{"id":190,"href":"https:\/\/wp.ufpel.edu.br\/ga\/wp-json\/wp\/v2\/posts\/189\/revisions\/190"}],"wp:attachment":[{"href":"https:\/\/wp.ufpel.edu.br\/ga\/wp-json\/wp\/v2\/media?parent=189"}],"wp:term":[{"taxonomy":"category","embeddable":true,"href":"https:\/\/wp.ufpel.edu.br\/ga\/wp-json\/wp\/v2\/categories?post=189"},{"taxonomy":"post_tag","embeddable":true,"href":"https:\/\/wp.ufpel.edu.br\/ga\/wp-json\/wp\/v2\/tags?post=189"}],"curies":[{"name":"wp","href":"https:\/\/api.w.org\/{rel}","templated":true}]}}