{"id":1860,"date":"2018-12-28T16:24:02","date_gmt":"2018-12-28T18:24:02","guid":{"rendered":"https:\/\/wp.ufpel.edu.br\/ga\/?p=1860"},"modified":"2019-03-08T14:51:56","modified_gmt":"2019-03-08T17:51:56","slug":"rematricula-2019-1","status":"publish","type":"post","link":"https:\/\/wp.ufpel.edu.br\/ga\/2018\/12\/28\/rematricula-2019-1\/","title":{"rendered":"(re)MATR\u00cdCULA 2019\/1"},"content":{"rendered":"<p><a href=\"https:\/\/wp.ufpel.edu.br\/ga\/files\/2018\/12\/2019.jpg\"><img class=\"alignnone size-full wp-image-1870\" src=\"https:\/\/wp.ufpel.edu.br\/ga\/files\/2018\/12\/2019.jpg\" alt=\"\" width=\"275\" height=\"183\" \/><\/a><\/p>\n<p>E no finalzinho do ano&#8230; divulga-se as grades de hor\u00e1rios 2019\/1\u00ba com as orienta\u00e7\u00f5es de matr\u00edculas!<\/p>\n<p>Leia com aten\u00e7\u00e3o!!!<\/p>\n<p>Boas festas e boas f\u00e9rias!!!<\/p>\n<p>Grade de hor\u00e1rios Gest\u00e3o Ambiental bacharelado:\u00a0<a href=\"https:\/\/wp.ufpel.edu.br\/ga\/files\/2018\/12\/Grade-de-hor\u00e1rios-GAB-2019-1.pdf\">Grade de hor\u00e1rios GAB 2019-1<\/a><\/p>\n<p>Grade de hor\u00e1rios Curso Superior de Tecnologia em Gest\u00e3o Ambiental:\u00a0<a href=\"https:\/\/wp.ufpel.edu.br\/ga\/files\/2018\/12\/Grade-CSTGA-2019-1-18-02.pdf\">Grade CSTGA 2019-1 &#8211; 18-02<\/a><\/p>\n<p>Orienta\u00e7\u00f5es gerais para (re)matr\u00edcula:\u00a0<a href=\"https:\/\/wp.ufpel.edu.br\/ga\/files\/2018\/12\/Procedimentos-para-matr\u00edcula-20191.pdf\">Procedimentos para matr\u00edcula 20191\u00a0<\/a><\/p>\n<p>Orienta\u00e7\u00f5es para CSTGA -&gt; <a href=\"https:\/\/wp.ufpel.edu.br\/ga\/files\/2018\/12\/Orienta\u00e7\u00e3o-de-matr\u00edcula.pdf\">Orienta\u00e7\u00e3o de matr\u00edcula<\/a><\/p>\n<p>Formul\u00e1rio de corre\u00e7\u00e3o de matr\u00edcula:\u00a0<a href=\"https:\/\/wp.ufpel.edu.br\/ga\/files\/2018\/12\/Formul\u00e1rio-corre\u00e7\u00e3o-de-matr\u00edcula-2019-1.pdf\">Formul\u00e1rio corre\u00e7\u00e3o de matr\u00edcula 2019-1<\/a><\/p>\n<p>MATR\u00cdCULA ESPECIAL:<\/p>\n<p>Formul\u00e1rio de matr\u00edcula especial \u2013 2019\/1 &#8211; Espec\u00edfico para alunos GAB e CSTGA:\u00a0<a href=\"https:\/\/wp.ufpel.edu.br\/ga\/files\/2018\/12\/Formul\u00e1rio-de-matr\u00edcula-especial-2019-1-espec\u00edfico-para-alunos-GAB-e-CSTGA.pdf\">Formul\u00e1rio de matr\u00edcula especial &#8211; 2019-1 &#8211; espec\u00edfico para alunos GAB e CSTGA\u00a0<\/a><\/p>\n<p>Autoriza\u00e7\u00e3o para alunos do GAB cursarem disciplinas em outros cursos: <a href=\"https:\/\/wp.ufpel.edu.br\/ga\/files\/2018\/12\/Autoriza\u00e7\u00e3o-para-aluno-BGA-cursarem-disciplina-especial-1.docx\">Autoriza\u00e7\u00e3o-para-aluno-BGA-cursarem-disciplina-especial-1<\/a> &#8211; dever\u00e1 ser assinado pelo coordenador do curso<\/p>\n<p>Autoriza\u00e7\u00e3o para alunos do CSTGA cursarem disciplinas em outros cursos: <a href=\"https:\/\/wp.ufpel.edu.br\/ga\/files\/2018\/12\/Autoriza\u00e7\u00e3o-para-aluno-CSTGA-cursarem-disciplina-especial-1.docx\">Autoriza\u00e7\u00e3o-para-aluno-CSTGA-cursarem-disciplina-especial-1<\/a> &#8211; dever\u00e1 ser assinado pela coordenadora do curso<\/p>\n<p>&nbsp;<\/p>\n<p>Caso seja necess\u00e1rio realizar os procedimentos de corre\u00e7\u00e3o de matr\u00edcula e matr\u00edcula especial via procura\u00e7\u00e3o, use os modelos abaixo:<\/p>\n<p>Modelo de autoriza\u00e7\u00e3o para corre\u00e7\u00e3o de matr\u00edcula:\u00a0<a href=\"https:\/\/wp.ufpel.edu.br\/ga\/files\/2018\/12\/Procura\u00e7\u00e3o-para-corre\u00e7\u00e3o-de-matr\u00edcula.pdf\">Procura\u00e7\u00e3o para corre\u00e7\u00e3o de matr\u00edcula<\/a><\/p>\n<p>Modelo de autoriza\u00e7\u00e3o para matr\u00edcula especial (exclusivo para alunos CSTGA e GAB):\u00a0<a href=\"https:\/\/wp.ufpel.edu.br\/ga\/files\/2018\/12\/Procura\u00e7\u00e3o-para-matr\u00edcula-especial.pdf\">Procura\u00e7\u00e3o para matr\u00edcula especial<\/a><\/p>\n","protected":false},"excerpt":{"rendered":"<p>E no finalzinho do ano&#8230; divulga-se as grades de hor\u00e1rios 2019\/1\u00ba com as orienta\u00e7\u00f5es de matr\u00edculas! Leia com aten\u00e7\u00e3o!!! Boas festas e boas f\u00e9rias!!! Grade de hor\u00e1rios Gest\u00e3o Ambiental bacharelado:\u00a0Grade de hor\u00e1rios GAB 2019-1 Grade de hor\u00e1rios Curso Superior de Tecnologia em Gest\u00e3o Ambiental:\u00a0Grade CSTGA 2019-1 &#8211; 18-02 Orienta\u00e7\u00f5es gerais para (re)matr\u00edcula:\u00a0Procedimentos para matr\u00edcula 20191\u00a0 [&hellip;]<\/p>\n","protected":false},"author":473,"featured_media":0,"comment_status":"closed","ping_status":"closed","sticky":false,"template":"","format":"standard","meta":{"footnotes":""},"categories":[18],"tags":[],"class_list":["post-1860","post","type-post","status-publish","format-standard","hentry","category-sem-categoria"],"jetpack_featured_media_url":"","_links":{"self":[{"href":"https:\/\/wp.ufpel.edu.br\/ga\/wp-json\/wp\/v2\/posts\/1860","targetHints":{"allow":["GET"]}}],"collection":[{"href":"https:\/\/wp.ufpel.edu.br\/ga\/wp-json\/wp\/v2\/posts"}],"about":[{"href":"https:\/\/wp.ufpel.edu.br\/ga\/wp-json\/wp\/v2\/types\/post"}],"author":[{"embeddable":true,"href":"https:\/\/wp.ufpel.edu.br\/ga\/wp-json\/wp\/v2\/users\/473"}],"replies":[{"embeddable":true,"href":"https:\/\/wp.ufpel.edu.br\/ga\/wp-json\/wp\/v2\/comments?post=1860"}],"version-history":[{"count":8,"href":"https:\/\/wp.ufpel.edu.br\/ga\/wp-json\/wp\/v2\/posts\/1860\/revisions"}],"predecessor-version":[{"id":1915,"href":"https:\/\/wp.ufpel.edu.br\/ga\/wp-json\/wp\/v2\/posts\/1860\/revisions\/1915"}],"wp:attachment":[{"href":"https:\/\/wp.ufpel.edu.br\/ga\/wp-json\/wp\/v2\/media?parent=1860"}],"wp:term":[{"taxonomy":"category","embeddable":true,"href":"https:\/\/wp.ufpel.edu.br\/ga\/wp-json\/wp\/v2\/categories?post=1860"},{"taxonomy":"post_tag","embeddable":true,"href":"https:\/\/wp.ufpel.edu.br\/ga\/wp-json\/wp\/v2\/tags?post=1860"}],"curies":[{"name":"wp","href":"https:\/\/api.w.org\/{rel}","templated":true}]}}