{"id":1545,"date":"2018-05-07T16:16:11","date_gmt":"2018-05-07T19:16:11","guid":{"rendered":"https:\/\/wp.ufpel.edu.br\/ga\/?p=1545"},"modified":"2018-05-10T17:23:25","modified_gmt":"2018-05-10T20:23:25","slug":"aproveitamento-de-disciplinas-2","status":"publish","type":"post","link":"https:\/\/wp.ufpel.edu.br\/ga\/2018\/05\/07\/aproveitamento-de-disciplinas-2\/","title":{"rendered":"APROVEITAMENTO DE DISCIPLINAS"},"content":{"rendered":"<p><strong>ATEN\u00c7\u00c3O ALUNOS:<\/strong><br \/>\nO prazo para aproveitamento de disciplinas termina em\u00a0<strong>25 de maio 2018<\/strong>.<\/p>\n<p><strong>TODOS<\/strong>\u00a0os alunos que cursaram disciplinas\u00a0<strong>fora do seu curso de origem<\/strong>\u00a0devem solicitar o aproveitamento para que a disciplina seja contabilizada em seu curr\u00edculo.<\/p>\n<p>Quem deve solicitar aproveitamento de disciplinas:<br \/>\n&#8211; alunos do\u00a0<strong><em>Gest\u00e3o Ambiental bacharelado\u00a0<\/em><\/strong>que cursaram disciplinas no <em>Tecn\u00f3logo em Gest\u00e3o Ambiental<\/em> -&gt; apenas preencher o formul\u00e1rio na secretaria acad\u00eamica;<br \/>\n&#8211;\u00a0alunos do\u00a0<strong><em>Tecn\u00f3logo em Gest\u00e3o Ambiental\u00a0<\/em>\u00a0<\/strong>que cursaram disciplinas no\u00a0<em>Gest\u00e3o Ambiental bacharelado<\/em>\u00a0-&gt; apenas preencher o formul\u00e1rio na secretaria acad\u00eamica;<br \/>\n&#8211; alunos que cursaram disciplinas\u00a0<strong>fora<\/strong>\u00a0do Gest\u00e3o Ambiental (seja Tecn\u00f3logo ou Bacharelado) -&gt;\u00a0preencher o formul\u00e1rio na secretaria acad\u00eamica e entregar conte\u00fado program\u00e1tico (solicitar no curso de origem da disciplina cursada).<\/p>\n<p>No link consta o formul\u00e1rio que dever\u00e1 ser entregue na secretaria acad\u00eamica (at\u00e9 25\/05\/2018) <a href=\"https:\/\/wp.ufpel.edu.br\/ga\/files\/2018\/05\/Aproveitamento-de-disciplinas.pdf\">Aproveitamento de disciplinas<\/a><\/p>\n","protected":false},"excerpt":{"rendered":"<p>ATEN\u00c7\u00c3O ALUNOS: O prazo para aproveitamento de disciplinas termina em\u00a025 de maio 2018. TODOS\u00a0os alunos que cursaram disciplinas\u00a0fora do seu curso de origem\u00a0devem solicitar o aproveitamento para que a disciplina seja contabilizada em seu curr\u00edculo. Quem deve solicitar aproveitamento de disciplinas: &#8211; alunos do\u00a0Gest\u00e3o Ambiental bacharelado\u00a0que cursaram disciplinas no Tecn\u00f3logo em Gest\u00e3o Ambiental -&gt; apenas [&hellip;]<\/p>\n","protected":false},"author":473,"featured_media":0,"comment_status":"closed","ping_status":"closed","sticky":false,"template":"","format":"standard","meta":{"footnotes":""},"categories":[18],"tags":[],"class_list":["post-1545","post","type-post","status-publish","format-standard","hentry","category-sem-categoria"],"jetpack_featured_media_url":"","_links":{"self":[{"href":"https:\/\/wp.ufpel.edu.br\/ga\/wp-json\/wp\/v2\/posts\/1545","targetHints":{"allow":["GET"]}}],"collection":[{"href":"https:\/\/wp.ufpel.edu.br\/ga\/wp-json\/wp\/v2\/posts"}],"about":[{"href":"https:\/\/wp.ufpel.edu.br\/ga\/wp-json\/wp\/v2\/types\/post"}],"author":[{"embeddable":true,"href":"https:\/\/wp.ufpel.edu.br\/ga\/wp-json\/wp\/v2\/users\/473"}],"replies":[{"embeddable":true,"href":"https:\/\/wp.ufpel.edu.br\/ga\/wp-json\/wp\/v2\/comments?post=1545"}],"version-history":[{"count":2,"href":"https:\/\/wp.ufpel.edu.br\/ga\/wp-json\/wp\/v2\/posts\/1545\/revisions"}],"predecessor-version":[{"id":1556,"href":"https:\/\/wp.ufpel.edu.br\/ga\/wp-json\/wp\/v2\/posts\/1545\/revisions\/1556"}],"wp:attachment":[{"href":"https:\/\/wp.ufpel.edu.br\/ga\/wp-json\/wp\/v2\/media?parent=1545"}],"wp:term":[{"taxonomy":"category","embeddable":true,"href":"https:\/\/wp.ufpel.edu.br\/ga\/wp-json\/wp\/v2\/categories?post=1545"},{"taxonomy":"post_tag","embeddable":true,"href":"https:\/\/wp.ufpel.edu.br\/ga\/wp-json\/wp\/v2\/tags?post=1545"}],"curies":[{"name":"wp","href":"https:\/\/api.w.org\/{rel}","templated":true}]}}