{"id":1520,"date":"2018-04-23T13:41:15","date_gmt":"2018-04-23T16:41:15","guid":{"rendered":"https:\/\/wp.ufpel.edu.br\/ga\/?p=1520"},"modified":"2018-04-23T13:41:54","modified_gmt":"2018-04-23T16:41:54","slug":"vii-semana-academica-gestao-ambiental","status":"publish","type":"post","link":"https:\/\/wp.ufpel.edu.br\/ga\/2018\/04\/23\/vii-semana-academica-gestao-ambiental\/","title":{"rendered":"VII Semana Acad\u00eamica Gest\u00e3o Ambiental"},"content":{"rendered":"<h1 class=\"font_6\">Propostas e situa\u00e7\u00f5es reais de inovadores da gest\u00e3o ambiental:<\/h1>\n<p class=\"font_7\">\u00a0 \u00a0\u00a0 As palestras e minicursos ter\u00e3o foco para as \u00e1reas de energias renov\u00e1veis, res\u00edduos industriais e urbanos, inova\u00e7\u00e3o tecnol\u00f3gica, reciclagem, gest\u00e3o de res\u00edduos e desastres naturais. Demonstrando suas import\u00e2ncias, caracter\u00edsticas, motiva\u00e7\u00f5es, desenvolvimentos e necessidades, neste ramo que tanto cresce ao passar dos anos, com a percep\u00e7\u00e3o de suas necessidades.<\/p>\n<p class=\"font_7\">\u00a0 \u00a0 Esta a\u00e7\u00e3o busca promover um maior envolvimento de toda a comunidade acad\u00eamica e da sociedade em geral, com o objetivo de torn\u00e1-los capazes de diagnosticar e propor solu\u00e7\u00f5es voltadas para a preven\u00e7\u00e3o, prote\u00e7\u00e3o, conserva\u00e7\u00e3o e o uso sustent\u00e1vel dos recursos naturais. Tal a\u00e7\u00e3o configura como um espa\u00e7o extra curricular que permite que discentes, docentes, colaboradores da UFPel, bem como a comunidade como um todo se aproximem de temas vinculados as quest\u00f5es socioambientais contempor\u00e2neas.<\/p>\n<p>https:\/\/7semanaacademica.wixsite.com\/gestaoambiental<\/p>\n<p>&nbsp;<\/p>\n","protected":false},"excerpt":{"rendered":"<p>Propostas e situa\u00e7\u00f5es reais de inovadores da gest\u00e3o ambiental: \u00a0 \u00a0\u00a0 As palestras e minicursos ter\u00e3o foco para as \u00e1reas de energias renov\u00e1veis, res\u00edduos industriais e urbanos, inova\u00e7\u00e3o tecnol\u00f3gica, reciclagem, gest\u00e3o de res\u00edduos e desastres naturais. Demonstrando suas import\u00e2ncias, caracter\u00edsticas, motiva\u00e7\u00f5es, desenvolvimentos e necessidades, neste ramo que tanto cresce ao passar dos anos, com a [&hellip;]<\/p>\n","protected":false},"author":473,"featured_media":0,"comment_status":"closed","ping_status":"closed","sticky":false,"template":"","format":"standard","meta":{"footnotes":""},"categories":[18],"tags":[],"class_list":["post-1520","post","type-post","status-publish","format-standard","hentry","category-sem-categoria"],"jetpack_featured_media_url":"","_links":{"self":[{"href":"https:\/\/wp.ufpel.edu.br\/ga\/wp-json\/wp\/v2\/posts\/1520","targetHints":{"allow":["GET"]}}],"collection":[{"href":"https:\/\/wp.ufpel.edu.br\/ga\/wp-json\/wp\/v2\/posts"}],"about":[{"href":"https:\/\/wp.ufpel.edu.br\/ga\/wp-json\/wp\/v2\/types\/post"}],"author":[{"embeddable":true,"href":"https:\/\/wp.ufpel.edu.br\/ga\/wp-json\/wp\/v2\/users\/473"}],"replies":[{"embeddable":true,"href":"https:\/\/wp.ufpel.edu.br\/ga\/wp-json\/wp\/v2\/comments?post=1520"}],"version-history":[{"count":1,"href":"https:\/\/wp.ufpel.edu.br\/ga\/wp-json\/wp\/v2\/posts\/1520\/revisions"}],"predecessor-version":[{"id":1522,"href":"https:\/\/wp.ufpel.edu.br\/ga\/wp-json\/wp\/v2\/posts\/1520\/revisions\/1522"}],"wp:attachment":[{"href":"https:\/\/wp.ufpel.edu.br\/ga\/wp-json\/wp\/v2\/media?parent=1520"}],"wp:term":[{"taxonomy":"category","embeddable":true,"href":"https:\/\/wp.ufpel.edu.br\/ga\/wp-json\/wp\/v2\/categories?post=1520"},{"taxonomy":"post_tag","embeddable":true,"href":"https:\/\/wp.ufpel.edu.br\/ga\/wp-json\/wp\/v2\/tags?post=1520"}],"curies":[{"name":"wp","href":"https:\/\/api.w.org\/{rel}","templated":true}]}}