{"id":1442,"date":"2018-03-19T13:45:30","date_gmt":"2018-03-19T16:45:30","guid":{"rendered":"https:\/\/wp.ufpel.edu.br\/ga\/?p=1442"},"modified":"2018-03-19T13:45:30","modified_gmt":"2018-03-19T16:45:30","slug":"conferencia-da-solicitacao-de-matricula","status":"publish","type":"post","link":"https:\/\/wp.ufpel.edu.br\/ga\/2018\/03\/19\/conferencia-da-solicitacao-de-matricula\/","title":{"rendered":"CONFER\u00caNCIA da solicita\u00e7\u00e3o de matr\u00edcula"},"content":{"rendered":"<p><a href=\"https:\/\/wp.ufpel.edu.br\/ga\/files\/2018\/03\/conferir7.jpeg\"><img class=\"alignnone size-full wp-image-1444\" src=\"https:\/\/wp.ufpel.edu.br\/ga\/files\/2018\/03\/conferir7.jpeg\" alt=\"\" width=\"400\" height=\"400\" srcset=\"https:\/\/wp.ufpel.edu.br\/ga\/files\/2018\/03\/conferir7.jpeg 400w, https:\/\/wp.ufpel.edu.br\/ga\/files\/2018\/03\/conferir7-200x200.jpeg 200w\" sizes=\"(max-width: 400px) 100vw, 400px\" \/><\/a><\/p>\n<p>No dia <strong>20 de mar\u00e7o<\/strong> os alunos poder\u00e3o <strong>conferir se sua matr\u00edcula<\/strong> nas disciplinas foi realizada conforme a solicita\u00e7\u00e3o.<\/p>\n<p>Essa confer\u00eancia dever\u00e1 ser feita <strong>diretamente no sistema acad\u00eamico cobalto.<\/strong> Caso n\u00e3o tenha sido efetivada a matr\u00edcula em alguma disciplina solicitada, o aluno dever\u00e1 entrar em contato com a secretaria acad\u00eamica dentro do prazo de corre\u00e7\u00e3o de matr\u00edcula (de 21 a 27 de mar\u00e7o).<\/p>\n<p><em>Hor\u00e1rio de atendimento<\/em> -&gt;\u00a0https:\/\/wp.ufpel.edu.br\/ga\/2018\/03\/14\/horario-especial-para-matriculas\/<\/p>\n<p><em>Informa\u00e7\u00f5es gerais sobre matr\u00edcula<\/em> -&gt;\u00a0https:\/\/wp.ufpel.edu.br\/ga\/2018\/03\/09\/veja-todas-as-informacoes-sobre-matricula-2018-1-aqui\/<\/p>\n<p><em>Orienta\u00e7\u00f5es espec\u00edficas de cada curso (7600 e 7900)<\/em> -&gt;\u00a0https:\/\/wp.ufpel.edu.br\/ga\/2018\/03\/07\/orientacoes-de-matricula\/<\/p>\n<p>&nbsp;<\/p>\n<p><em>ATEN\u00c7\u00c3O<\/em>: <strong>Alunos ingressantes<\/strong> n\u00e3o precisam fazer cadastro nas disciplinas nem corre\u00e7\u00e3o de matr\u00edcula!<\/p>\n<p>Veja aqui -&gt;\u00a0https:\/\/wp.ufpel.edu.br\/ga\/2018\/03\/09\/alunos-ingressantes-2018-1\/<\/p>\n<p>&nbsp;<\/p>\n","protected":false},"excerpt":{"rendered":"<p>No dia 20 de mar\u00e7o os alunos poder\u00e3o conferir se sua matr\u00edcula nas disciplinas foi realizada conforme a solicita\u00e7\u00e3o. Essa confer\u00eancia dever\u00e1 ser feita diretamente no sistema acad\u00eamico cobalto. Caso n\u00e3o tenha sido efetivada a matr\u00edcula em alguma disciplina solicitada, o aluno dever\u00e1 entrar em contato com a secretaria acad\u00eamica dentro do prazo de corre\u00e7\u00e3o [&hellip;]<\/p>\n","protected":false},"author":473,"featured_media":0,"comment_status":"closed","ping_status":"closed","sticky":false,"template":"","format":"standard","meta":{"footnotes":""},"categories":[18],"tags":[],"class_list":["post-1442","post","type-post","status-publish","format-standard","hentry","category-sem-categoria"],"jetpack_featured_media_url":"","_links":{"self":[{"href":"https:\/\/wp.ufpel.edu.br\/ga\/wp-json\/wp\/v2\/posts\/1442","targetHints":{"allow":["GET"]}}],"collection":[{"href":"https:\/\/wp.ufpel.edu.br\/ga\/wp-json\/wp\/v2\/posts"}],"about":[{"href":"https:\/\/wp.ufpel.edu.br\/ga\/wp-json\/wp\/v2\/types\/post"}],"author":[{"embeddable":true,"href":"https:\/\/wp.ufpel.edu.br\/ga\/wp-json\/wp\/v2\/users\/473"}],"replies":[{"embeddable":true,"href":"https:\/\/wp.ufpel.edu.br\/ga\/wp-json\/wp\/v2\/comments?post=1442"}],"version-history":[{"count":1,"href":"https:\/\/wp.ufpel.edu.br\/ga\/wp-json\/wp\/v2\/posts\/1442\/revisions"}],"predecessor-version":[{"id":1445,"href":"https:\/\/wp.ufpel.edu.br\/ga\/wp-json\/wp\/v2\/posts\/1442\/revisions\/1445"}],"wp:attachment":[{"href":"https:\/\/wp.ufpel.edu.br\/ga\/wp-json\/wp\/v2\/media?parent=1442"}],"wp:term":[{"taxonomy":"category","embeddable":true,"href":"https:\/\/wp.ufpel.edu.br\/ga\/wp-json\/wp\/v2\/categories?post=1442"},{"taxonomy":"post_tag","embeddable":true,"href":"https:\/\/wp.ufpel.edu.br\/ga\/wp-json\/wp\/v2\/tags?post=1442"}],"curies":[{"name":"wp","href":"https:\/\/api.w.org\/{rel}","templated":true}]}}