{"id":1404,"date":"2018-03-09T16:48:31","date_gmt":"2018-03-09T19:48:31","guid":{"rendered":"https:\/\/wp.ufpel.edu.br\/ga\/?p=1404"},"modified":"2018-03-09T16:48:31","modified_gmt":"2018-03-09T19:48:31","slug":"alunos-ingressantes-2018-1","status":"publish","type":"post","link":"https:\/\/wp.ufpel.edu.br\/ga\/2018\/03\/09\/alunos-ingressantes-2018-1\/","title":{"rendered":"ALUNOS INGRESSANTES 2018\/1"},"content":{"rendered":"<p>Ao saudar os alunos ingressantes no Curso de Gest\u00e3o Ambiental Bacharelado, informa-se que:<\/p>\n<p>1 &#8211; todos os alunos em situa\u00e7\u00e3o regular na UFPel est\u00e3o devidamente cadastrados nas disciplinas do primeiro semestre do curso. Veja grade de hor\u00e1rios:\u00a0<a href=\"https:\/\/wp.ufpel.edu.br\/ga\/files\/2018\/03\/GRADE-DE-HOR\u00c1RIOS-2018-GAB-1-1.pdf\">GRADE-DE-HOR\u00c1RIOS-2018-GAB (1)<\/a><\/p>\n<p>2 &#8211; os alunos devem tomar conhecimento do calend\u00e1rio acad\u00eamico. As informa\u00e7\u00f5es contidas nele s\u00e3o importantes para sua vida acad\u00eamica:\u00a0<a href=\"https:\/\/wp.ufpel.edu.br\/ga\/files\/2018\/03\/Calendario-Academico-2018_v03-22FEV2018-1.pdf\">Calendario-Academico-2018_v03-22FEV2018 (1)<\/a><\/p>\n<p>3 &#8211; os alunos t\u00eam acesso ao sistema acad\u00eamico Cobalto pelo site da UFPel. Link: https:\/\/cobalto.ufpel.edu.br\/ OU www.ufpel.edu.br -&gt; estudante -&gt; cobalto -&gt; primeiro acesso<\/p>\n<p>4 &#8211; Secretaria acad\u00eamica: Rua Andrade Neves, 1550. Telefone: 3921-6994 &#8211; gasecretaria.ufpel@gmail.com<\/p>\n<p>5 &#8211; Coordena\u00e7\u00e3o do Curso:\u00a0 Rua Andrade Neves, 1259 (segundo andar)<\/p>\n<p>6 &#8211; Nos acompanhe no facebook:\u00a0https:\/\/www.facebook.com\/GestaoAmbientalUFPel\/<\/p>\n<p>Em breve ser\u00e3o divulgados os locais de aula!<\/p>\n","protected":false},"excerpt":{"rendered":"<p>Ao saudar os alunos ingressantes no Curso de Gest\u00e3o Ambiental Bacharelado, informa-se que: 1 &#8211; todos os alunos em situa\u00e7\u00e3o regular na UFPel est\u00e3o devidamente cadastrados nas disciplinas do primeiro semestre do curso. Veja grade de hor\u00e1rios:\u00a0GRADE-DE-HOR\u00c1RIOS-2018-GAB (1) 2 &#8211; os alunos devem tomar conhecimento do calend\u00e1rio acad\u00eamico. As informa\u00e7\u00f5es contidas nele s\u00e3o importantes para [&hellip;]<\/p>\n","protected":false},"author":473,"featured_media":0,"comment_status":"closed","ping_status":"closed","sticky":false,"template":"","format":"standard","meta":{"footnotes":""},"categories":[18],"tags":[],"class_list":["post-1404","post","type-post","status-publish","format-standard","hentry","category-sem-categoria"],"jetpack_featured_media_url":"","_links":{"self":[{"href":"https:\/\/wp.ufpel.edu.br\/ga\/wp-json\/wp\/v2\/posts\/1404","targetHints":{"allow":["GET"]}}],"collection":[{"href":"https:\/\/wp.ufpel.edu.br\/ga\/wp-json\/wp\/v2\/posts"}],"about":[{"href":"https:\/\/wp.ufpel.edu.br\/ga\/wp-json\/wp\/v2\/types\/post"}],"author":[{"embeddable":true,"href":"https:\/\/wp.ufpel.edu.br\/ga\/wp-json\/wp\/v2\/users\/473"}],"replies":[{"embeddable":true,"href":"https:\/\/wp.ufpel.edu.br\/ga\/wp-json\/wp\/v2\/comments?post=1404"}],"version-history":[{"count":1,"href":"https:\/\/wp.ufpel.edu.br\/ga\/wp-json\/wp\/v2\/posts\/1404\/revisions"}],"predecessor-version":[{"id":1408,"href":"https:\/\/wp.ufpel.edu.br\/ga\/wp-json\/wp\/v2\/posts\/1404\/revisions\/1408"}],"wp:attachment":[{"href":"https:\/\/wp.ufpel.edu.br\/ga\/wp-json\/wp\/v2\/media?parent=1404"}],"wp:term":[{"taxonomy":"category","embeddable":true,"href":"https:\/\/wp.ufpel.edu.br\/ga\/wp-json\/wp\/v2\/categories?post=1404"},{"taxonomy":"post_tag","embeddable":true,"href":"https:\/\/wp.ufpel.edu.br\/ga\/wp-json\/wp\/v2\/tags?post=1404"}],"curies":[{"name":"wp","href":"https:\/\/api.w.org\/{rel}","templated":true}]}}