{"id":1311,"date":"2017-12-27T09:16:16","date_gmt":"2017-12-27T11:16:16","guid":{"rendered":"https:\/\/wp.ufpel.edu.br\/ga\/?p=1311"},"modified":"2017-12-27T09:16:16","modified_gmt":"2017-12-27T11:16:16","slug":"estudantes-podem-fazer-avaliacao-das-disciplinas","status":"publish","type":"post","link":"https:\/\/wp.ufpel.edu.br\/ga\/2017\/12\/27\/estudantes-podem-fazer-avaliacao-das-disciplinas\/","title":{"rendered":"Estudantes podem fazer Avalia\u00e7\u00e3o das Disciplinas"},"content":{"rendered":"<blockquote class=\"wp-embedded-content\" data-secret=\"e4JqiDH6Ti\"><p><a href=\"https:\/\/ccs2.ufpel.edu.br\/wp\/2017\/12\/26\/estudantes-podem-fazer-avaliacao-das-disciplinas\/\">Estudantes podem fazer Avalia\u00e7\u00e3o das Disciplinas<\/a><\/p><\/blockquote>\n<p><iframe class=\"wp-embedded-content\" sandbox=\"allow-scripts\" security=\"restricted\" style=\"position: absolute; clip: rect(1px, 1px, 1px, 1px);\" title=\"&#8220;Estudantes podem fazer Avalia\u00e7\u00e3o das Disciplinas&#8221; &#8212; Coordena\u00e7\u00e3o de Comunica\u00e7\u00e3o Social\" src=\"https:\/\/ccs2.ufpel.edu.br\/wp\/2017\/12\/26\/estudantes-podem-fazer-avaliacao-das-disciplinas\/embed\/#?secret=d8MJeu8Ihs#?secret=e4JqiDH6Ti\" data-secret=\"e4JqiDH6Ti\" width=\"500\" height=\"282\" frameborder=\"0\" marginwidth=\"0\" marginheight=\"0\" scrolling=\"no\"><\/iframe><\/p>\n","protected":false},"excerpt":{"rendered":"<p>Estudantes podem fazer Avalia\u00e7\u00e3o das Disciplinas<\/p>\n","protected":false},"author":473,"featured_media":0,"comment_status":"closed","ping_status":"closed","sticky":false,"template":"","format":"standard","meta":{"footnotes":""},"categories":[18],"tags":[],"class_list":["post-1311","post","type-post","status-publish","format-standard","hentry","category-sem-categoria"],"jetpack_featured_media_url":"","_links":{"self":[{"href":"https:\/\/wp.ufpel.edu.br\/ga\/wp-json\/wp\/v2\/posts\/1311","targetHints":{"allow":["GET"]}}],"collection":[{"href":"https:\/\/wp.ufpel.edu.br\/ga\/wp-json\/wp\/v2\/posts"}],"about":[{"href":"https:\/\/wp.ufpel.edu.br\/ga\/wp-json\/wp\/v2\/types\/post"}],"author":[{"embeddable":true,"href":"https:\/\/wp.ufpel.edu.br\/ga\/wp-json\/wp\/v2\/users\/473"}],"replies":[{"embeddable":true,"href":"https:\/\/wp.ufpel.edu.br\/ga\/wp-json\/wp\/v2\/comments?post=1311"}],"version-history":[{"count":1,"href":"https:\/\/wp.ufpel.edu.br\/ga\/wp-json\/wp\/v2\/posts\/1311\/revisions"}],"predecessor-version":[{"id":1313,"href":"https:\/\/wp.ufpel.edu.br\/ga\/wp-json\/wp\/v2\/posts\/1311\/revisions\/1313"}],"wp:attachment":[{"href":"https:\/\/wp.ufpel.edu.br\/ga\/wp-json\/wp\/v2\/media?parent=1311"}],"wp:term":[{"taxonomy":"category","embeddable":true,"href":"https:\/\/wp.ufpel.edu.br\/ga\/wp-json\/wp\/v2\/categories?post=1311"},{"taxonomy":"post_tag","embeddable":true,"href":"https:\/\/wp.ufpel.edu.br\/ga\/wp-json\/wp\/v2\/tags?post=1311"}],"curies":[{"name":"wp","href":"https:\/\/api.w.org\/{rel}","templated":true}]}}