{"id":746,"date":"2013-06-27T17:33:19","date_gmt":"2013-06-27T17:33:19","guid":{"rendered":"http:\/\/www.ufpel.edu.br\/ich\/fotografiaetrabalho\/?p=697"},"modified":"2013-06-27T17:33:19","modified_gmt":"2013-06-27T17:33:19","slug":"sociedade-anonima-frigorifico-anglo-de-pelotas-o-trabalho-do-passado-nas-fotografias-do-presente-2","status":"publish","type":"post","link":"https:\/\/wp.ufpel.edu.br\/fototrabalho\/2013\/06\/27\/sociedade-anonima-frigorifico-anglo-de-pelotas-o-trabalho-do-passado-nas-fotografias-do-presente-2\/","title":{"rendered":"Sociedade An\u00f4nima Frigor\u00edfico Anglo de Pelotas: O Trabalho do Passado nas Fotografias do Presente"},"content":{"rendered":"<p>Foi lan\u00e7ado o livro <strong>Sociedade An\u00f4nima Frigor\u00edfico Anglo de Pelotas: O Trabalho do Passado nas Fotografias do Presente<\/strong><\/p>\n<p>Ver:\u00a0<a href=\"http:\/\/issuu.com\/memorialdoangloufpel\/docs\/livro_anglo_digital\">http:\/\/issuu.com\/memorialdoangloufpel\/docs\/livro_anglo_digital<\/a><\/p>\n<p>&nbsp;<\/p>\n","protected":false},"excerpt":{"rendered":"<p>Foi lan\u00e7ado o livro Sociedade An\u00f4nima Frigor\u00edfico Anglo de Pelotas: O Trabalho do Passado nas Fotografias do Presente Ver:\u00a0http:\/\/issuu.com\/memorialdoangloufpel\/docs\/livro_anglo_digital &nbsp;<\/p>\n","protected":false},"author":744,"featured_media":0,"comment_status":"closed","ping_status":"closed","sticky":false,"template":"","format":"standard","meta":{"jetpack_post_was_ever_published":false,"_jetpack_newsletter_access":"","_jetpack_dont_email_post_to_subs":false,"_jetpack_newsletter_tier_id":0,"_jetpack_memberships_contains_paywalled_content":false,"_jetpack_memberships_contains_paid_content":false,"footnotes":"","jetpack_publicize_message":"","jetpack_publicize_feature_enabled":true,"jetpack_social_post_already_shared":true,"jetpack_social_options":{"image_generator_settings":{"template":"highway","default_image_id":0,"font":"","enabled":false},"version":2}},"categories":[1],"tags":[],"class_list":["post-746","post","type-post","status-publish","format-standard","hentry","category-noticias"],"jetpack_publicize_connections":[],"jetpack_featured_media_url":"","jetpack_sharing_enabled":true,"jetpack_shortlink":"https:\/\/wp.me\/p8IwiC-c2","_links":{"self":[{"href":"https:\/\/wp.ufpel.edu.br\/fototrabalho\/wp-json\/wp\/v2\/posts\/746","targetHints":{"allow":["GET"]}}],"collection":[{"href":"https:\/\/wp.ufpel.edu.br\/fototrabalho\/wp-json\/wp\/v2\/posts"}],"about":[{"href":"https:\/\/wp.ufpel.edu.br\/fototrabalho\/wp-json\/wp\/v2\/types\/post"}],"author":[{"embeddable":true,"href":"https:\/\/wp.ufpel.edu.br\/fototrabalho\/wp-json\/wp\/v2\/users\/744"}],"replies":[{"embeddable":true,"href":"https:\/\/wp.ufpel.edu.br\/fototrabalho\/wp-json\/wp\/v2\/comments?post=746"}],"version-history":[{"count":0,"href":"https:\/\/wp.ufpel.edu.br\/fototrabalho\/wp-json\/wp\/v2\/posts\/746\/revisions"}],"wp:attachment":[{"href":"https:\/\/wp.ufpel.edu.br\/fototrabalho\/wp-json\/wp\/v2\/media?parent=746"}],"wp:term":[{"taxonomy":"category","embeddable":true,"href":"https:\/\/wp.ufpel.edu.br\/fototrabalho\/wp-json\/wp\/v2\/categories?post=746"},{"taxonomy":"post_tag","embeddable":true,"href":"https:\/\/wp.ufpel.edu.br\/fototrabalho\/wp-json\/wp\/v2\/tags?post=746"}],"curies":[{"name":"wp","href":"https:\/\/api.w.org\/{rel}","templated":true}]}}