{"id":454,"date":"2018-08-14T15:04:11","date_gmt":"2018-08-14T18:04:11","guid":{"rendered":"https:\/\/wp.ufpel.edu.br\/forumedunocampo\/?p=454"},"modified":"2018-08-14T15:07:41","modified_gmt":"2018-08-14T18:07:41","slug":"cafe-solidario","status":"publish","type":"post","link":"https:\/\/wp.ufpel.edu.br\/forumedunocampo\/2018\/08\/14\/cafe-solidario\/","title":{"rendered":"Caf\u00e9 solid\u00e1rio"},"content":{"rendered":"<p style=\"text-align: justify\">O IV Semin\u00e1rio de Educa\u00e7\u00e3o do Campo da Regi\u00e3o Sul do Rio Grande do Sul solicita que cada participante traga a sua caneca para o caf\u00e9. Pois, n\u00e3o ser\u00e3o disponibilizados copos ou x\u00edcaras para essa finalidade.<br \/>\nNo ato de credenciamento, cada participante inscrito dever\u00e1 contribuir com algo para o caf\u00e9 (biscoito, bolacha, fruta, sandu\u00edche, bolo, pizza, cuca, salgado, p\u00e3o e\/ou algo para recheio). O participante que n\u00e3o trouxer algo para a alimenta\u00e7\u00e3o coletiva poder\u00e1 contribuir com uma quantidade em dinheiro.<\/p>\n<p>&nbsp;<\/p>\n","protected":false},"excerpt":{"rendered":"<p>O IV Semin\u00e1rio de Educa\u00e7\u00e3o do Campo da Regi\u00e3o Sul do Rio Grande do Sul solicita que cada participante traga a sua caneca para o caf\u00e9. Pois, n\u00e3o ser\u00e3o disponibilizados copos ou x\u00edcaras para essa finalidade. No ato de credenciamento, cada participante inscrito dever\u00e1 contribuir com algo para o caf\u00e9 (biscoito, bolacha, fruta, sandu\u00edche, bolo, &hellip; <\/p>\n<p><a class=\"more-link btn\" href=\"https:\/\/wp.ufpel.edu.br\/forumedunocampo\/2018\/08\/14\/cafe-solidario\/\">Continue lendo<\/a><\/p>\n","protected":false},"author":856,"featured_media":461,"comment_status":"closed","ping_status":"closed","sticky":false,"template":"","format":"standard","meta":{"footnotes":""},"categories":[1],"tags":[],"class_list":["post-454","post","type-post","status-publish","format-standard","has-post-thumbnail","hentry","category-noticias","item-wrap"],"jetpack_featured_media_url":"https:\/\/wp.ufpel.edu.br\/forumedunocampo\/files\/2018\/08\/Caf\u00e9-s.png","_links":{"self":[{"href":"https:\/\/wp.ufpel.edu.br\/forumedunocampo\/wp-json\/wp\/v2\/posts\/454","targetHints":{"allow":["GET"]}}],"collection":[{"href":"https:\/\/wp.ufpel.edu.br\/forumedunocampo\/wp-json\/wp\/v2\/posts"}],"about":[{"href":"https:\/\/wp.ufpel.edu.br\/forumedunocampo\/wp-json\/wp\/v2\/types\/post"}],"author":[{"embeddable":true,"href":"https:\/\/wp.ufpel.edu.br\/forumedunocampo\/wp-json\/wp\/v2\/users\/856"}],"replies":[{"embeddable":true,"href":"https:\/\/wp.ufpel.edu.br\/forumedunocampo\/wp-json\/wp\/v2\/comments?post=454"}],"version-history":[{"count":1,"href":"https:\/\/wp.ufpel.edu.br\/forumedunocampo\/wp-json\/wp\/v2\/posts\/454\/revisions"}],"predecessor-version":[{"id":457,"href":"https:\/\/wp.ufpel.edu.br\/forumedunocampo\/wp-json\/wp\/v2\/posts\/454\/revisions\/457"}],"wp:featuredmedia":[{"embeddable":true,"href":"https:\/\/wp.ufpel.edu.br\/forumedunocampo\/wp-json\/wp\/v2\/media\/461"}],"wp:attachment":[{"href":"https:\/\/wp.ufpel.edu.br\/forumedunocampo\/wp-json\/wp\/v2\/media?parent=454"}],"wp:term":[{"taxonomy":"category","embeddable":true,"href":"https:\/\/wp.ufpel.edu.br\/forumedunocampo\/wp-json\/wp\/v2\/categories?post=454"},{"taxonomy":"post_tag","embeddable":true,"href":"https:\/\/wp.ufpel.edu.br\/forumedunocampo\/wp-json\/wp\/v2\/tags?post=454"}],"curies":[{"name":"wp","href":"https:\/\/api.w.org\/{rel}","templated":true}]}}