{"id":108,"date":"2016-04-25T12:09:45","date_gmt":"2016-04-25T15:09:45","guid":{"rendered":"https:\/\/wp.ufpel.edu.br\/forumdediretores\/?p=108"},"modified":"2016-04-25T12:09:45","modified_gmt":"2016-04-25T15:09:45","slug":"marcada-reuniao-da-comissao-stas","status":"publish","type":"post","link":"https:\/\/wp.ufpel.edu.br\/forumdediretores\/2016\/04\/25\/marcada-reuniao-da-comissao-stas\/","title":{"rendered":"Marcada Reuni\u00e3o da Comiss\u00e3o STAs"},"content":{"rendered":"<p>A Comiss\u00e3o Especial constitu\u00edda para realizar o levantamento quantitativo e qualitativo do atual quadro de servidores t\u00e9cnico-administrativos da UFPel tem sua primeira reuni\u00e3o agendada para ter\u00e7a-feira, 26\/04\/16 e dever\u00e1 ser realizada no Gabinete da Vice-Reitora.<\/p>\n<p>A Comiss\u00e3o conta com a representa\u00e7\u00e3o de cinco diretores indicados pelo F\u00f3rum de Diretores.<\/p>\n","protected":false},"excerpt":{"rendered":"<p>A Comiss\u00e3o Especial constitu\u00edda para realizar o levantamento quantitativo e qualitativo do atual quadro de servidores t\u00e9cnico-administrativos da UFPel tem sua primeira reuni\u00e3o agendada para ter\u00e7a-feira, 26\/04\/16 e dever\u00e1 ser realizada no Gabinete da Vice-Reitora. A Comiss\u00e3o conta com a representa\u00e7\u00e3o de cinco diretores indicados pelo F\u00f3rum de Diretores.<\/p>\n","protected":false},"author":633,"featured_media":105,"comment_status":"closed","ping_status":"closed","sticky":false,"template":"","format":"standard","meta":{"jetpack_post_was_ever_published":false,"_jetpack_newsletter_access":"","_jetpack_dont_email_post_to_subs":false,"_jetpack_newsletter_tier_id":0,"_jetpack_memberships_contains_paywalled_content":false,"_jetpack_memberships_contains_paid_content":false,"footnotes":"","jetpack_publicize_message":"","jetpack_publicize_feature_enabled":true,"jetpack_social_post_already_shared":true,"jetpack_social_options":{"image_generator_settings":{"template":"highway","default_image_id":0,"font":"","enabled":false},"version":2}},"categories":[1],"tags":[],"class_list":["post-108","post","type-post","status-publish","format-standard","has-post-thumbnail","hentry","category-noticias"],"jetpack_publicize_connections":[],"jetpack_featured_media_url":"https:\/\/i0.wp.com\/wp.ufpel.edu.br\/forumdediretores\/files\/2016\/04\/forum_logo.gif?fit=450%2C143&ssl=1","jetpack_sharing_enabled":true,"jetpack_shortlink":"https:\/\/wp.me\/p7oCfD-1K","jetpack-related-posts":[],"_links":{"self":[{"href":"https:\/\/wp.ufpel.edu.br\/forumdediretores\/wp-json\/wp\/v2\/posts\/108","targetHints":{"allow":["GET"]}}],"collection":[{"href":"https:\/\/wp.ufpel.edu.br\/forumdediretores\/wp-json\/wp\/v2\/posts"}],"about":[{"href":"https:\/\/wp.ufpel.edu.br\/forumdediretores\/wp-json\/wp\/v2\/types\/post"}],"author":[{"embeddable":true,"href":"https:\/\/wp.ufpel.edu.br\/forumdediretores\/wp-json\/wp\/v2\/users\/633"}],"replies":[{"embeddable":true,"href":"https:\/\/wp.ufpel.edu.br\/forumdediretores\/wp-json\/wp\/v2\/comments?post=108"}],"version-history":[{"count":1,"href":"https:\/\/wp.ufpel.edu.br\/forumdediretores\/wp-json\/wp\/v2\/posts\/108\/revisions"}],"predecessor-version":[{"id":110,"href":"https:\/\/wp.ufpel.edu.br\/forumdediretores\/wp-json\/wp\/v2\/posts\/108\/revisions\/110"}],"wp:featuredmedia":[{"embeddable":true,"href":"https:\/\/wp.ufpel.edu.br\/forumdediretores\/wp-json\/wp\/v2\/media\/105"}],"wp:attachment":[{"href":"https:\/\/wp.ufpel.edu.br\/forumdediretores\/wp-json\/wp\/v2\/media?parent=108"}],"wp:term":[{"taxonomy":"category","embeddable":true,"href":"https:\/\/wp.ufpel.edu.br\/forumdediretores\/wp-json\/wp\/v2\/categories?post=108"},{"taxonomy":"post_tag","embeddable":true,"href":"https:\/\/wp.ufpel.edu.br\/forumdediretores\/wp-json\/wp\/v2\/tags?post=108"}],"curies":[{"name":"wp","href":"https:\/\/api.w.org\/{rel}","templated":true}]}}