{"id":876,"date":"2024-10-05T20:33:16","date_gmt":"2024-10-05T23:33:16","guid":{"rendered":"https:\/\/wp.ufpel.edu.br\/formaturas\/?p=876"},"modified":"2024-10-12T16:32:47","modified_gmt":"2024-10-12T19:32:47","slug":"orientacoes-e-protocolos-para-a-formatura-de-outubro","status":"publish","type":"post","link":"https:\/\/wp.ufpel.edu.br\/formaturas\/arquivos\/876","title":{"rendered":"Orienta\u00e7\u00f5es e Protocolos para a Formatura de Outubro"},"content":{"rendered":"<p>A Comiss\u00e3o Interna informa que est\u00e1 dispon\u00edvel um documento em PDF com orienta\u00e7\u00f5es e protocolos essenciais para as formaturas. \u00c9 importante que leiam atentamente o documento, pois nele voc\u00eas encontrar\u00e3o informa\u00e7\u00f5es cruciais, incluindo:<\/p>\n<ul>\n<li>Data e hor\u00e1rios e locais das formaturas;<\/li>\n<li>Hor\u00e1rio de chegada recomendado;<\/li>\n<li>Orienta\u00e7\u00f5es sobre fotografias;<\/li>\n<li>Datas, hor\u00e1rios e locais dos ensaios;<\/li>\n<li>Nomes indicados para paraninfo, patrono, homenageado e orador;<\/li>\n<li>Discursos;<\/li>\n<li>Detalhes sobre transporte de \u00f4nibus para formandos e familiares.<\/li>\n<\/ul>\n<p>Acesse o documento <a href=\"https:\/\/www.canva.com\/design\/DAF8OhIDX7I\/Svahy06vLJSp4zjidL3LBA\/view?utm_content=DAF8OhIDX7I&amp;utm_campaign=designshare&amp;utm_medium=link&amp;utm_source=editor\"><strong>clicando aqui<\/strong><\/a> e fique por dentro de tudo para o seu grande dia!<\/p>\n<p><strong>Al\u00e9m disso, convidamos todos a clicarem no link abaixo para assistir a um v\u00eddeo que apresenta o documento em PDF. No v\u00eddeo, voc\u00ea encontrar\u00e1 um resumo das informa\u00e7\u00f5es importantes que garantir\u00e3o que sua formatura seja perfeita. N\u00e3o perca!<\/strong><\/p>\n<p><a href=\"https:\/\/www.canva.com\/design\/DAGTYz9zSac\/xgUh1t1eQX7ieqsNYeWitg\/watch?utm_content=DAGTYz9zSac&amp;utm_campaign=designshare&amp;utm_medium=link&amp;utm_source=editor\">[Assista ao v\u00eddeo aqui!]<\/a><\/p>\n<p>A UFPel fica feliz em prestigiar esse grande evento memor\u00e1vel na vida de todos os formandos. Contamos com a participa\u00e7\u00e3o de todos para que as formaturas sejam um sucesso!<\/p>\n","protected":false},"excerpt":{"rendered":"<p>A Comiss\u00e3o Interna informa que est\u00e1 dispon\u00edvel um documento em PDF com orienta\u00e7\u00f5es e protocolos essenciais para as formaturas. \u00c9 importante que leiam atentamente o documento, pois nele voc\u00eas encontrar\u00e3o informa\u00e7\u00f5es cruciais, incluindo: Data e hor\u00e1rios e locais das formaturas; Hor\u00e1rio de chegada recomendado; Orienta\u00e7\u00f5es sobre fotografias; Datas, hor\u00e1rios e locais dos ensaios; Nomes indicados [&hellip;]<\/p>\n","protected":false},"author":1321,"featured_media":884,"comment_status":"closed","ping_status":"closed","sticky":false,"template":"","format":"standard","meta":{"footnotes":""},"categories":[1],"tags":[],"class_list":["post-876","post","type-post","status-publish","format-standard","has-post-thumbnail","hentry","category-noticias"],"jetpack_featured_media_url":"https:\/\/wp.ufpel.edu.br\/formaturas\/files\/2024\/10\/IMG8064der-250-scaled.jpg","_links":{"self":[{"href":"https:\/\/wp.ufpel.edu.br\/formaturas\/wp-json\/wp\/v2\/posts\/876","targetHints":{"allow":["GET"]}}],"collection":[{"href":"https:\/\/wp.ufpel.edu.br\/formaturas\/wp-json\/wp\/v2\/posts"}],"about":[{"href":"https:\/\/wp.ufpel.edu.br\/formaturas\/wp-json\/wp\/v2\/types\/post"}],"author":[{"embeddable":true,"href":"https:\/\/wp.ufpel.edu.br\/formaturas\/wp-json\/wp\/v2\/users\/1321"}],"replies":[{"embeddable":true,"href":"https:\/\/wp.ufpel.edu.br\/formaturas\/wp-json\/wp\/v2\/comments?post=876"}],"version-history":[{"count":12,"href":"https:\/\/wp.ufpel.edu.br\/formaturas\/wp-json\/wp\/v2\/posts\/876\/revisions"}],"predecessor-version":[{"id":917,"href":"https:\/\/wp.ufpel.edu.br\/formaturas\/wp-json\/wp\/v2\/posts\/876\/revisions\/917"}],"wp:featuredmedia":[{"embeddable":true,"href":"https:\/\/wp.ufpel.edu.br\/formaturas\/wp-json\/wp\/v2\/media\/884"}],"wp:attachment":[{"href":"https:\/\/wp.ufpel.edu.br\/formaturas\/wp-json\/wp\/v2\/media?parent=876"}],"wp:term":[{"taxonomy":"category","embeddable":true,"href":"https:\/\/wp.ufpel.edu.br\/formaturas\/wp-json\/wp\/v2\/categories?post=876"},{"taxonomy":"post_tag","embeddable":true,"href":"https:\/\/wp.ufpel.edu.br\/formaturas\/wp-json\/wp\/v2\/tags?post=876"}],"curies":[{"name":"wp","href":"https:\/\/api.w.org\/{rel}","templated":true}]}}