{"id":780,"date":"2024-09-23T16:10:21","date_gmt":"2024-09-23T19:10:21","guid":{"rendered":"https:\/\/wp.ufpel.edu.br\/formaturas\/?p=780"},"modified":"2024-10-08T19:03:18","modified_gmt":"2024-10-08T22:03:18","slug":"divulgacao-de-convites-para-as-formaturas-externas-2024-1-de-outubro","status":"publish","type":"post","link":"https:\/\/wp.ufpel.edu.br\/formaturas\/arquivos\/780","title":{"rendered":"Divulga\u00e7\u00e3o de Convites para as Formaturas Externas 2024\/1 de Outubro"},"content":{"rendered":"<p>Informamos que foi definido o n\u00famero de convites dispon\u00edveis para as formaturas institucionais externas do semestre 2024\/1, que ocorrer\u00e3o no dia 15 de outubro. Abaixo est\u00e3o os detalhes de cada cerim\u00f4nia e a quantidade de convites por formando.<\/p>\n<p><strong>Cerim\u00f4nia Grupo A:<\/strong><\/p>\n<ul>\n<li><strong>Hor\u00e1rio:<\/strong> 14h30<\/li>\n<li><strong>Unidades Acad\u00eamicas:<\/strong> CCQFA, CDTEC, FAMET, IFM, FAEM, CIM<\/li>\n<li><strong>N\u00famero de convites:<\/strong> 10 convites por formando<\/li>\n<\/ul>\n<p><strong>Cerim\u00f4nia Grupo B:<\/strong><\/p>\n<ul>\n<li><strong>Hor\u00e1rio:<\/strong> 17h<\/li>\n<li><strong>Unidade Acad\u00eamica:<\/strong> FV<\/li>\n<li><strong>N\u00famero de convites:<\/strong> 6 convites por formando<\/li>\n<\/ul>\n<p><strong>Cerim\u00f4nia Grupo C:<\/strong><\/p>\n<ul>\n<li><strong>Hor\u00e1rio:<\/strong> 20h<\/li>\n<li><strong>Unidades Acad\u00eamicas:<\/strong> FAE, ICH, IFISP, FN, FE<\/li>\n<li><strong>N\u00famero de convites:<\/strong> 9 convites por formando<\/li>\n<\/ul>\n<p class=\"cvGsUA direction-ltr align-justify para-style-body\"><span class=\"OYPEnA font-feature-liga-off font-feature-clig-off font-feature-calt-off text-decoration-none text-strikethrough-none\">Ser\u00e3o distribu\u00eddos entre os dias 08\/10\/2024 a 14\/10\/2024 (exceto aos s\u00e1bados e domingos).<\/span><\/p>\n<p class=\"cvGsUA direction-ltr align-start para-style-body\"><span class=\"OYPEnA font-feature-liga-off font-feature-clig-off font-feature-calt-off text-decoration-none text-strikethrough-none\"><strong>Local:<\/strong> <\/span><span class=\"OYPEnA font-feature-liga-off font-feature-clig-off font-feature-calt-off text-decoration-none text-strikethrough-none\">Gabinete da Vice-Reitoria, Campus Anglo, Sala (pr\u00f3ximo ao Gabinete da Reitoria, na porta localizada no corredor)<\/span><\/p>\n<p class=\"cvGsUA direction-ltr align-justify para-style-body\"><strong><span class=\"OYPEnA font-feature-liga-off font-feature-clig-off font-feature-calt-off text-decoration-none text-strikethrough-none\">Hor\u00e1rios:<\/span><\/strong><span class=\"OYPEnA font-feature-liga-off font-feature-clig-off font-feature-calt-off text-decoration-none text-strikethrough-none\"> 08h &#8211; 11h45 e 14h -17h45<\/span><\/p>\n<p>N\u00e3o poder\u00e1 retirar os seus convites? Autorize outra pessoa preenchendo este formul\u00e1rio <strong><a href=\"https:\/\/forms.gle\/v6MFeGsGNhZ3w7dB7\">clicando aqui<\/a><\/strong><\/p>\n<p>Este \u00e9 um momento importante para celebrar o esfor\u00e7o e a dedica\u00e7\u00e3o de todos os formandos. Contamos com a presen\u00e7a de todos para tornar essa celebra\u00e7\u00e3o ainda mais memor\u00e1vel. Parab\u00e9ns a todos e at\u00e9 l\u00e1!<\/p>\n","protected":false},"excerpt":{"rendered":"<p>Informamos que foi definido o n\u00famero de convites dispon\u00edveis para as formaturas institucionais externas do semestre 2024\/1, que ocorrer\u00e3o no dia 15 de outubro. Abaixo est\u00e3o os detalhes de cada cerim\u00f4nia e a quantidade de convites por formando. Cerim\u00f4nia Grupo A: Hor\u00e1rio: 14h30 Unidades Acad\u00eamicas: CCQFA, CDTEC, FAMET, IFM, FAEM, CIM N\u00famero de convites: 10 [&hellip;]<\/p>\n","protected":false},"author":1321,"featured_media":793,"comment_status":"closed","ping_status":"closed","sticky":false,"template":"","format":"standard","meta":{"footnotes":""},"categories":[1],"tags":[],"class_list":["post-780","post","type-post","status-publish","format-standard","has-post-thumbnail","hentry","category-noticias"],"jetpack_featured_media_url":"https:\/\/wp.ufpel.edu.br\/formaturas\/files\/2024\/09\/PEL_0666-scaled.jpg","_links":{"self":[{"href":"https:\/\/wp.ufpel.edu.br\/formaturas\/wp-json\/wp\/v2\/posts\/780","targetHints":{"allow":["GET"]}}],"collection":[{"href":"https:\/\/wp.ufpel.edu.br\/formaturas\/wp-json\/wp\/v2\/posts"}],"about":[{"href":"https:\/\/wp.ufpel.edu.br\/formaturas\/wp-json\/wp\/v2\/types\/post"}],"author":[{"embeddable":true,"href":"https:\/\/wp.ufpel.edu.br\/formaturas\/wp-json\/wp\/v2\/users\/1321"}],"replies":[{"embeddable":true,"href":"https:\/\/wp.ufpel.edu.br\/formaturas\/wp-json\/wp\/v2\/comments?post=780"}],"version-history":[{"count":10,"href":"https:\/\/wp.ufpel.edu.br\/formaturas\/wp-json\/wp\/v2\/posts\/780\/revisions"}],"predecessor-version":[{"id":909,"href":"https:\/\/wp.ufpel.edu.br\/formaturas\/wp-json\/wp\/v2\/posts\/780\/revisions\/909"}],"wp:featuredmedia":[{"embeddable":true,"href":"https:\/\/wp.ufpel.edu.br\/formaturas\/wp-json\/wp\/v2\/media\/793"}],"wp:attachment":[{"href":"https:\/\/wp.ufpel.edu.br\/formaturas\/wp-json\/wp\/v2\/media?parent=780"}],"wp:term":[{"taxonomy":"category","embeddable":true,"href":"https:\/\/wp.ufpel.edu.br\/formaturas\/wp-json\/wp\/v2\/categories?post=780"},{"taxonomy":"post_tag","embeddable":true,"href":"https:\/\/wp.ufpel.edu.br\/formaturas\/wp-json\/wp\/v2\/tags?post=780"}],"curies":[{"name":"wp","href":"https:\/\/api.w.org\/{rel}","templated":true}]}}