{"id":616,"date":"2024-05-03T20:31:52","date_gmt":"2024-05-03T23:31:52","guid":{"rendered":"https:\/\/wp.ufpel.edu.br\/formaturas\/?p=616"},"modified":"2024-07-10T09:58:02","modified_gmt":"2024-07-10T12:58:02","slug":"cerimonias-adiadas-das-formaturas-institucionais-externas-ufpel","status":"publish","type":"post","link":"https:\/\/wp.ufpel.edu.br\/formaturas\/arquivos\/616","title":{"rendered":"Cerim\u00f4nias e ensaios adiados das Formaturas Institucionais Externas UFPel"},"content":{"rendered":"<p style=\"text-align: justify;\">Informamos que a empresa licitada, respons\u00e1vel pela condu\u00e7\u00e3o das cerim\u00f4nias de Formaturas Institucionais Externas marcadas para os dias 08, 09 e 10 de maio, que tem sede e estrutura operacional localizada na serra ga\u00facha comunica, nesta tarde, que se encontra incapacitada de locomover sua equipe e materiais para a cidade de Pelotas, e com isso, efetivar suas atividades cerimoniais.<\/p>\n<p style=\"text-align: justify;\">Em raz\u00e3o disto e do momento tr\u00e1gico que o povo do estado do Rio Grande do Sul est\u00e1 passando com as fortes chuvas e, consequentemente, com \u00e1reas alagadas e ilhadas e, ainda, considerando o Decreto n\u00ba 57.596, de 1\u00b0 de maio de 2024, que declarou estado de calamidade publica no territ\u00f3rio do Estado do Rio Grande do Sul, a Administra\u00e7\u00e3o Central da Universidade Federal de Pelotas, torna p\u00fablica <strong>a decis\u00e3o de adiar as cerim\u00f4nias e os ensaios de Formaturas Institucionais Externas<\/strong>.<\/p>\n<p style=\"text-align: justify;\">Aguardaremos os boletins dos pr\u00f3ximos dias para que possamos divulgar nova data o mais brevemente poss\u00edvel. Somos solid\u00e1rios com a situa\u00e7\u00e3o dram\u00e1tica dos nossos estudantes e fam\u00edlias, assim como a popula\u00e7\u00e3o vitimada por essa calamidade.<\/p>\n","protected":false},"excerpt":{"rendered":"<p>Informamos que a empresa licitada, respons\u00e1vel pela condu\u00e7\u00e3o das cerim\u00f4nias de Formaturas Institucionais Externas marcadas para os dias 08, 09 e 10 de maio, que tem sede e estrutura operacional localizada na serra ga\u00facha comunica, nesta tarde, que se encontra incapacitada de locomover sua equipe e materiais para a cidade de Pelotas, e com isso, [&hellip;]<\/p>\n","protected":false},"author":1321,"featured_media":0,"comment_status":"closed","ping_status":"closed","sticky":false,"template":"","format":"standard","meta":{"footnotes":""},"categories":[4,1],"tags":[],"class_list":["post-616","post","type-post","status-publish","format-standard","hentry","category-2023-2","category-noticias"],"jetpack_featured_media_url":"","_links":{"self":[{"href":"https:\/\/wp.ufpel.edu.br\/formaturas\/wp-json\/wp\/v2\/posts\/616","targetHints":{"allow":["GET"]}}],"collection":[{"href":"https:\/\/wp.ufpel.edu.br\/formaturas\/wp-json\/wp\/v2\/posts"}],"about":[{"href":"https:\/\/wp.ufpel.edu.br\/formaturas\/wp-json\/wp\/v2\/types\/post"}],"author":[{"embeddable":true,"href":"https:\/\/wp.ufpel.edu.br\/formaturas\/wp-json\/wp\/v2\/users\/1321"}],"replies":[{"embeddable":true,"href":"https:\/\/wp.ufpel.edu.br\/formaturas\/wp-json\/wp\/v2\/comments?post=616"}],"version-history":[{"count":4,"href":"https:\/\/wp.ufpel.edu.br\/formaturas\/wp-json\/wp\/v2\/posts\/616\/revisions"}],"predecessor-version":[{"id":620,"href":"https:\/\/wp.ufpel.edu.br\/formaturas\/wp-json\/wp\/v2\/posts\/616\/revisions\/620"}],"wp:attachment":[{"href":"https:\/\/wp.ufpel.edu.br\/formaturas\/wp-json\/wp\/v2\/media?parent=616"}],"wp:term":[{"taxonomy":"category","embeddable":true,"href":"https:\/\/wp.ufpel.edu.br\/formaturas\/wp-json\/wp\/v2\/categories?post=616"},{"taxonomy":"post_tag","embeddable":true,"href":"https:\/\/wp.ufpel.edu.br\/formaturas\/wp-json\/wp\/v2\/tags?post=616"}],"curies":[{"name":"wp","href":"https:\/\/api.w.org\/{rel}","templated":true}]}}