{"id":232,"date":"2023-10-06T19:46:07","date_gmt":"2023-10-06T22:46:07","guid":{"rendered":"https:\/\/wp.ufpel.edu.br\/formaturas\/?p=232"},"modified":"2023-10-06T19:46:21","modified_gmt":"2023-10-06T22:46:21","slug":"orientacoes-da-reuniao-confira-aqui-os-slides","status":"publish","type":"post","link":"https:\/\/wp.ufpel.edu.br\/formaturas\/arquivos\/232","title":{"rendered":"Orienta\u00e7\u00f5es da reuni\u00e3o: confira aqui os slides!"},"content":{"rendered":"<p>Confira aqui os slides da reuni\u00e3o com os formandos realizada no dia 06\/10:<\/p>\n<p><a href=\"https:\/\/wp.ufpel.edu.br\/formaturas\/files\/2023\/10\/REUNIAO-formandos-2023_1-final.pdf\">REUNI\u00c3O formandos 2023_1 (final)<\/a><\/p>\n","protected":false},"excerpt":{"rendered":"<p>Confira aqui os slides da reuni\u00e3o com os formandos realizada no dia 06\/10: REUNI\u00c3O formandos 2023_1 (final)<\/p>\n","protected":false},"author":1321,"featured_media":0,"comment_status":"closed","ping_status":"closed","sticky":false,"template":"","format":"standard","meta":{"footnotes":""},"categories":[3,1],"tags":[],"class_list":["post-232","post","type-post","status-publish","format-standard","hentry","category-mural-de-avisos","category-noticias"],"jetpack_featured_media_url":"","_links":{"self":[{"href":"https:\/\/wp.ufpel.edu.br\/formaturas\/wp-json\/wp\/v2\/posts\/232","targetHints":{"allow":["GET"]}}],"collection":[{"href":"https:\/\/wp.ufpel.edu.br\/formaturas\/wp-json\/wp\/v2\/posts"}],"about":[{"href":"https:\/\/wp.ufpel.edu.br\/formaturas\/wp-json\/wp\/v2\/types\/post"}],"author":[{"embeddable":true,"href":"https:\/\/wp.ufpel.edu.br\/formaturas\/wp-json\/wp\/v2\/users\/1321"}],"replies":[{"embeddable":true,"href":"https:\/\/wp.ufpel.edu.br\/formaturas\/wp-json\/wp\/v2\/comments?post=232"}],"version-history":[{"count":1,"href":"https:\/\/wp.ufpel.edu.br\/formaturas\/wp-json\/wp\/v2\/posts\/232\/revisions"}],"predecessor-version":[{"id":235,"href":"https:\/\/wp.ufpel.edu.br\/formaturas\/wp-json\/wp\/v2\/posts\/232\/revisions\/235"}],"wp:attachment":[{"href":"https:\/\/wp.ufpel.edu.br\/formaturas\/wp-json\/wp\/v2\/media?parent=232"}],"wp:term":[{"taxonomy":"category","embeddable":true,"href":"https:\/\/wp.ufpel.edu.br\/formaturas\/wp-json\/wp\/v2\/categories?post=232"},{"taxonomy":"post_tag","embeddable":true,"href":"https:\/\/wp.ufpel.edu.br\/formaturas\/wp-json\/wp\/v2\/tags?post=232"}],"curies":[{"name":"wp","href":"https:\/\/api.w.org\/{rel}","templated":true}]}}