{"id":1504,"date":"2026-04-22T11:37:15","date_gmt":"2026-04-22T14:37:15","guid":{"rendered":"https:\/\/wp.ufpel.edu.br\/formaturas\/?p=1504"},"modified":"2026-04-22T11:37:15","modified_gmt":"2026-04-22T14:37:15","slug":"%e2%9a%a0%ef%b8%8f-atencao-formandos-retirada-dos-convites-da-formatura-institucional-externa-ocorre-de-22-a-30-de-abril","status":"publish","type":"post","link":"https:\/\/wp.ufpel.edu.br\/formaturas\/arquivos\/1504","title":{"rendered":"\u26a0\ufe0f Aten\u00e7\u00e3o Formandos: retirada dos convites da Formatura Institucional Externa ocorre de 22 a 30 de abril"},"content":{"rendered":"<p data-start=\"96\" data-end=\"358\">Informamos que a retirada dos convites para as cerim\u00f4nias da Formatura Institucional Externa ter\u00e1 in\u00edcio no dia <strong data-start=\"208\" data-end=\"231\">22 de abril de 2026<\/strong> e seguir\u00e1 at\u00e9 <strong data-start=\"246\" data-end=\"269\">30 de abril de 2026<\/strong>, no <strong data-start=\"274\" data-end=\"303\">Gabinete da Vice-Reitoria<\/strong>, localizado na <strong data-start=\"319\" data-end=\"357\">sala 406, 4\u00ba andar do Campus Anglo<\/strong>.<\/p>\n<p data-start=\"360\" data-end=\"614\">O atendimento para retirada ocorrer\u00e1 <strong data-start=\"397\" data-end=\"444\">de segunda a sexta-feira, das 8h30 \u00e0s 17h30<\/strong>, <strong data-start=\"446\" data-end=\"486\">sem interrup\u00e7\u00e3o no hor\u00e1rio de almo\u00e7o<\/strong>. Dessa forma, os formandos ou pessoas autorizadas que desejarem realizar a retirada nesse per\u00edodo podem comparecer normalmente.<\/p>\n<p data-start=\"616\" data-end=\"786\">Para realizar a retirada, o formando dever\u00e1 apresentar <strong data-start=\"671\" data-end=\"701\">documento oficial com foto<\/strong>, a fim de possibilitar a confer\u00eancia de identidade e a entrega correta dos convites.<\/p>\n<p data-start=\"788\" data-end=\"1087\">Nos casos em que o formando n\u00e3o puder comparecer presencialmente, ser\u00e1 permitida a retirada por terceiro (colega, familiar ou outra pessoa autorizada), desde que seja enviado previamente um e-mail para <strong data-start=\"990\" data-end=\"1020\"><a class=\"decorated-link cursor-pointer\" rel=\"noopener\" data-start=\"992\" data-end=\"1018\">formainstitufpel@gmail.com<\/a><\/strong> ou preenchido o formul\u00e1rio dispon\u00edvel na aba <strong data-start=\"1066\" data-end=\"1078\">Contatos<\/strong> do site.<\/p>\n<p data-start=\"1089\" data-end=\"1162\">Na solicita\u00e7\u00e3o de autoriza\u00e7\u00e3o, dever\u00e3o ser informados os seguintes dados:<\/p>\n<ul data-start=\"1164\" data-end=\"1352\">\n<li data-section-id=\"pdl9sw\" data-start=\"1164\" data-end=\"1194\">Nome completo do formando;<\/li>\n<li data-section-id=\"oe2jq2\" data-start=\"1195\" data-end=\"1241\">Curso no qual est\u00e1 concluindo a gradua\u00e7\u00e3o;<\/li>\n<li data-section-id=\"1f3fu0b\" data-start=\"1242\" data-end=\"1303\">Nome completo da pessoa autorizada a realizar a retirada;<\/li>\n<li data-section-id=\"anc1en\" data-start=\"1304\" data-end=\"1352\">Rela\u00e7\u00e3o da pessoa autorizada com o formando.<\/li>\n<\/ul>\n<p data-start=\"1354\" data-end=\"1457\">Solicitamos que a pessoa autorizada tamb\u00e9m apresente documento oficial com foto no momento da retirada.<\/p>\n<p data-start=\"1459\" data-end=\"1588\">Refor\u00e7amos a import\u00e2ncia de que os convites sejam retirados dentro do prazo estabelecido, para melhor organiza\u00e7\u00e3o das cerim\u00f4nias.<\/p>\n<p data-start=\"1590\" data-end=\"1721\" data-is-last-node=\"\" data-is-only-node=\"\">Em caso de d\u00favidas ou necessidade de informa\u00e7\u00f5es adicionais, a equipe de Formaturas Institucionais Externas permanece \u00e0 disposi\u00e7\u00e3o.<\/p>\n","protected":false},"excerpt":{"rendered":"<p>Informamos que a retirada dos convites para as cerim\u00f4nias da Formatura Institucional Externa ter\u00e1 in\u00edcio no dia 22 de abril de 2026 e seguir\u00e1 at\u00e9 30 de abril de 2026, no Gabinete da Vice-Reitoria, localizado na sala 406, 4\u00ba andar do Campus Anglo. O atendimento para retirada ocorrer\u00e1 de segunda a sexta-feira, das 8h30 \u00e0s [&hellip;]<\/p>\n","protected":false},"author":1321,"featured_media":0,"comment_status":"closed","ping_status":"closed","sticky":false,"template":"","format":"standard","meta":{"footnotes":""},"categories":[1],"tags":[],"class_list":["post-1504","post","type-post","status-publish","format-standard","hentry","category-noticias"],"jetpack_featured_media_url":"","_links":{"self":[{"href":"https:\/\/wp.ufpel.edu.br\/formaturas\/wp-json\/wp\/v2\/posts\/1504","targetHints":{"allow":["GET"]}}],"collection":[{"href":"https:\/\/wp.ufpel.edu.br\/formaturas\/wp-json\/wp\/v2\/posts"}],"about":[{"href":"https:\/\/wp.ufpel.edu.br\/formaturas\/wp-json\/wp\/v2\/types\/post"}],"author":[{"embeddable":true,"href":"https:\/\/wp.ufpel.edu.br\/formaturas\/wp-json\/wp\/v2\/users\/1321"}],"replies":[{"embeddable":true,"href":"https:\/\/wp.ufpel.edu.br\/formaturas\/wp-json\/wp\/v2\/comments?post=1504"}],"version-history":[{"count":1,"href":"https:\/\/wp.ufpel.edu.br\/formaturas\/wp-json\/wp\/v2\/posts\/1504\/revisions"}],"predecessor-version":[{"id":1506,"href":"https:\/\/wp.ufpel.edu.br\/formaturas\/wp-json\/wp\/v2\/posts\/1504\/revisions\/1506"}],"wp:attachment":[{"href":"https:\/\/wp.ufpel.edu.br\/formaturas\/wp-json\/wp\/v2\/media?parent=1504"}],"wp:term":[{"taxonomy":"category","embeddable":true,"href":"https:\/\/wp.ufpel.edu.br\/formaturas\/wp-json\/wp\/v2\/categories?post=1504"},{"taxonomy":"post_tag","embeddable":true,"href":"https:\/\/wp.ufpel.edu.br\/formaturas\/wp-json\/wp\/v2\/tags?post=1504"}],"curies":[{"name":"wp","href":"https:\/\/api.w.org\/{rel}","templated":true}]}}