{"id":1495,"date":"2026-04-16T10:42:14","date_gmt":"2026-04-16T13:42:14","guid":{"rendered":"https:\/\/wp.ufpel.edu.br\/formaturas\/?p=1495"},"modified":"2026-04-16T10:42:14","modified_gmt":"2026-04-16T13:42:14","slug":"horarios-de-ensaios-e-das-cerimonias-de-formatura-com-transporte-de-apoio","status":"publish","type":"post","link":"https:\/\/wp.ufpel.edu.br\/formaturas\/arquivos\/1495","title":{"rendered":"Hor\u00e1rios de Ensaios e das Cerim\u00f4nias de Formatura, com Transporte de Apoio"},"content":{"rendered":"<div class=\"text-base my-auto mx-auto [--thread-content-margin:var(--thread-content-margin-xs,calc(var(--spacing)*4))] @w-sm\/main:[--thread-content-margin:var(--thread-content-margin-sm,calc(var(--spacing)*6))] @w-lg\/main:[--thread-content-margin:var(--thread-content-margin-lg,calc(var(--spacing)*16))] px-(--thread-content-margin)\">\n<div class=\"[--thread-content-max-width:40rem] @w-lg\/main:[--thread-content-max-width:48rem] mx-auto max-w-(--thread-content-max-width) flex-1 group\/turn-messages focus-visible:outline-hidden relative flex w-full min-w-0 flex-col agent-turn\">\n<div class=\"flex max-w-full flex-col gap-4 grow\">\n<div class=\"min-h-8 text-message relative flex w-full flex-col items-end gap-2 text-start break-words whitespace-normal outline-none keyboard-focused:focus-ring [.text-message+&amp;]:mt-1\" dir=\"auto\" data-message-author-role=\"assistant\" data-message-id=\"cf8720f4-5188-4e98-a647-3599145439c1\" data-message-model-slug=\"gpt-5-3\">\n<div class=\"flex w-full flex-col gap-1 empty:hidden\">\n<div class=\"markdown prose dark:prose-invert w-full wrap-break-word light markdown-new-styling\">\n<p data-start=\"80\" data-end=\"261\">Est\u00e3o dispon\u00edveis os hor\u00e1rios dos ensaios de formatura, <strong data-start=\"136\" data-end=\"197\">bem como os hor\u00e1rios das cerim\u00f4nias e dos \u00f4nibus de apoio<\/strong>, al\u00e9m das informa\u00e7\u00f5es sobre dias e funcionamento do transporte.<\/p>\n<p data-start=\"263\" data-end=\"438\">Os \u00f4nibus estar\u00e3o dispon\u00edveis tanto nos dias de ensaio <strong data-start=\"318\" data-end=\"352\">quanto nos dias das cerim\u00f4nias<\/strong>, com o objetivo de facilitar o deslocamento dos formandos at\u00e9 o Campus Cap\u00e3o do Le\u00e3o.<\/p>\n<p data-start=\"440\" data-end=\"671\"><strong data-start=\"440\" data-end=\"452\">Aten\u00e7\u00e3o:<\/strong> os \u00f4nibus de apoio disponibilizados pela organiza\u00e7\u00e3o realizar\u00e3o <strong data-start=\"517\" data-end=\"544\">apenas o trajeto de ida<\/strong> at\u00e9 o campus.<br data-start=\"558\" data-end=\"561\" \/>Para o retorno, os formandos poder\u00e3o utilizar a <strong data-start=\"609\" data-end=\"670\">linha de apoio dispon\u00edvel no pr\u00f3prio Campus Cap\u00e3o do Le\u00e3o<\/strong>.<\/p>\n<h3 data-section-id=\"12dx8r0\" data-start=\"673\" data-end=\"702\"><span role=\"text\"><strong data-start=\"677\" data-end=\"702\">Cronograma de Ensaios<\/strong><\/span><\/h3>\n<p data-start=\"704\" data-end=\"736\"><strong data-start=\"704\" data-end=\"734\">Segunda-feira (04\/05\/2026)<\/strong><\/p>\n<ul data-start=\"737\" data-end=\"896\">\n<li data-section-id=\"1tbglrb\" data-start=\"737\" data-end=\"775\">Grupo A \u2013 ensaio com in\u00edcio \u00e0s 08h<\/li>\n<li data-section-id=\"6axgee\" data-start=\"776\" data-end=\"816\">Grupo B \u2013 ensaio com in\u00edcio \u00e0s 09h30<\/li>\n<li data-section-id=\"akh8r3\" data-start=\"817\" data-end=\"857\">Grupo C \u2013 ensaio com in\u00edcio \u00e0s 10h30<\/li>\n<li data-section-id=\"15loogf\" data-start=\"858\" data-end=\"896\">Grupo D \u2013 ensaio com in\u00edcio \u00e0s 14h<\/li>\n<\/ul>\n<p data-start=\"898\" data-end=\"928\"><strong data-start=\"898\" data-end=\"926\">Ter\u00e7a-feira (05\/05\/2026)<\/strong><\/p>\n<ul data-start=\"929\" data-end=\"1049\">\n<li data-section-id=\"uew90j\" data-start=\"929\" data-end=\"967\">Grupo E \u2013 ensaio com in\u00edcio \u00e0s 08h<\/li>\n<li data-section-id=\"kukmgy\" data-start=\"968\" data-end=\"1008\">Grupo F \u2013 ensaio com in\u00edcio \u00e0s 09h30<\/li>\n<li data-section-id=\"1sr337v\" data-start=\"1009\" data-end=\"1049\">Grupo G \u2013 ensaio com in\u00edcio \u00e0s 10h30<\/li>\n<\/ul>\n<p data-start=\"1051\" data-end=\"1082\"><strong data-start=\"1051\" data-end=\"1080\">Quarta-feira (06\/05\/2026)<\/strong><\/p>\n<ul data-start=\"1083\" data-end=\"1203\">\n<li data-section-id=\"lneeoe\" data-start=\"1083\" data-end=\"1121\">Grupo H \u2013 ensaio com in\u00edcio \u00e0s 08h<\/li>\n<li data-section-id=\"1goh65p\" data-start=\"1122\" data-end=\"1162\">Grupo I \u2013 ensaio com in\u00edcio \u00e0s 09h30<\/li>\n<li data-section-id=\"1l6gk86\" data-start=\"1163\" data-end=\"1203\">Grupo J \u2013 ensaio com in\u00edcio \u00e0s 10h30<\/li>\n<\/ul>\n<p data-start=\"1205\" data-end=\"1270\">Confira abaixo as planilhas completas com os hor\u00e1rios detalhados:<\/p>\n<p data-start=\"1272\" data-end=\"1391\"><strong data-start=\"1272\" data-end=\"1327\">Ensaios de Formatura \u2013 Hor\u00e1rios dos \u00d4nibus de Apoio<\/strong><\/p>\n<table dir=\"ltr\" border=\"1\" cellspacing=\"0\" cellpadding=\"0\" data-sheets-root=\"1\" data-sheets-baot=\"1\">\n<colgroup>\n<col width=\"147\" \/>\n<col width=\"171\" \/>\n<col width=\"200\" \/>\n<col width=\"116\" \/>\n<col width=\"181\" \/><\/colgroup>\n<tbody>\n<tr>\n<td style=\"text-align: center;\" colspan=\"5\" rowspan=\"1\"><strong>ENSAIOS 04\/05\/2026- SEGUNDA-FEIRA<\/strong><\/td>\n<\/tr>\n<tr>\n<td>GRUPOS<\/td>\n<td>LOCAL DA PARTIDA<\/td>\n<td>HOR\u00c1RIO DE PARTIDA<\/td>\n<td>PARADA N\u00b02<\/td>\n<td>HOR\u00c1RIO NA FAMED<\/td>\n<\/tr>\n<tr>\n<td>GRUPO A ( 08:00<\/td>\n<td>BIBLIOTECA P\u00daBLICA<\/td>\n<td>07:10<\/td>\n<td>FAMED<\/td>\n<td>07:30<\/td>\n<\/tr>\n<tr>\n<td>GRUPO B ( 09h30)<\/td>\n<td>BIBLIOTECA P\u00daBLICA<\/td>\n<td>08:40<\/td>\n<td>FAMED<\/td>\n<td>09:00<\/td>\n<\/tr>\n<tr>\n<td>GRUPO C (10h30)<\/td>\n<td>BIBLIOTECA P\u00daBLICA<\/td>\n<td>09:50<\/td>\n<td>FAMED<\/td>\n<td>10:00<\/td>\n<\/tr>\n<tr>\n<td>GRUPO D ( 14h)<\/td>\n<td>BIBLIOTECA P\u00daBLICA<\/td>\n<td>13:30<\/td>\n<td>FAMED<\/td>\n<td>13:50<\/td>\n<\/tr>\n<tr>\n<td><\/td>\n<td><\/td>\n<td><\/td>\n<td><\/td>\n<td><\/td>\n<\/tr>\n<tr>\n<td style=\"text-align: center;\" colspan=\"5\" rowspan=\"1\"><strong>ENSAIO 05\/05\/2026- TER\u00c7A- FEIRA<\/strong><\/td>\n<\/tr>\n<tr>\n<td>GRUPOS<\/td>\n<td>LOCAL DA PARTIDA<\/td>\n<td>HOR\u00c1RIO DE PARTIDA<\/td>\n<td>PARADA N\u00b02<\/td>\n<td>HOR\u00c1RIO NA FAMED<\/td>\n<\/tr>\n<tr>\n<td>GRUPO E (08:00)<\/td>\n<td>BIBLIOTECA P\u00daBLICA<\/td>\n<td>07:10<\/td>\n<td>FAMED<\/td>\n<td>07:30<\/td>\n<\/tr>\n<tr>\n<td>GRUPO F (09:30)<\/td>\n<td>BIBLIOTECA P\u00daBLICA<\/td>\n<td>08:40<\/td>\n<td>FAMED<\/td>\n<td>09:00<\/td>\n<\/tr>\n<tr>\n<td>GRUPO G (10:30)<\/td>\n<td>BIBLIOTECA P\u00daBLICA<\/td>\n<td>09:50<\/td>\n<td>FAMED<\/td>\n<td>10:00<\/td>\n<\/tr>\n<tr>\n<td><\/td>\n<td><\/td>\n<td><\/td>\n<td><\/td>\n<td><\/td>\n<\/tr>\n<tr>\n<td><\/td>\n<td><\/td>\n<td><\/td>\n<td><\/td>\n<td><\/td>\n<\/tr>\n<tr>\n<td style=\"text-align: center;\" colspan=\"5\" rowspan=\"1\"><strong>ENSAIO 06\/05\/2026- QUARTA- FEIRA<\/strong><\/td>\n<\/tr>\n<tr>\n<td>GRUPOS<\/td>\n<td>LOCAL DA PARTIDA<\/td>\n<td>HOR\u00c1RIO DE PARTIDA<\/td>\n<td>PARADA N\u00b02<\/td>\n<td>HOR\u00c1RIO NA FAMED<\/td>\n<\/tr>\n<tr>\n<td>GRUPO H (08:00)<\/td>\n<td>BIBLIOTECA P\u00daBLICA<\/td>\n<td>07:10<\/td>\n<td>FAMED<\/td>\n<td>07:30<\/td>\n<\/tr>\n<tr>\n<td>GRUPO I (09:30)<\/td>\n<td>BIBLIOTECA P\u00daBLICA<\/td>\n<td>08:40<\/td>\n<td>FAMED<\/td>\n<td>09:00<\/td>\n<\/tr>\n<tr>\n<td>GRUPO J (10:30)<\/td>\n<td>BIBLIOTECA P\u00daBLICA<\/td>\n<td>09:50<\/td>\n<td>FAMED<\/td>\n<td>10:00<\/td>\n<\/tr>\n<\/tbody>\n<\/table>\n<p data-start=\"1393\" data-end=\"1542\"><strong data-start=\"1393\" data-end=\"1468\">Cerim\u00f4nias de Formatura \u2013 Hor\u00e1rios das Cerim\u00f4nias e dos \u00d4nibus de Apoio<\/strong><\/p>\n<table dir=\"ltr\" border=\"1\" cellspacing=\"0\" cellpadding=\"0\" data-sheets-root=\"1\" data-sheets-baot=\"1\">\n<colgroup>\n<col width=\"191\" \/>\n<col width=\"234\" \/>\n<col width=\"100\" \/>\n<col width=\"110\" \/>\n<col width=\"143\" \/><\/colgroup>\n<tbody>\n<tr>\n<td colspan=\"5\" rowspan=\"1\"><strong>CERIM\u00d4NIAS 05- 06- 07- 08\/05\/2026<\/strong><\/td>\n<\/tr>\n<tr>\n<td>GRUPOS<\/td>\n<td>LOCAL DA PARTIDA<\/td>\n<td>PARTIDA<\/td>\n<td>PARADA N\u00aa 2<\/td>\n<td>HOR\u00c1RIO FAMED<\/td>\n<\/tr>\n<tr>\n<td>CERIM\u00d4NIAS 14:00<\/td>\n<td>BIBLIOTECA P\u00daBLICA PELOTENSE<\/td>\n<td>11:30- 13:00<\/td>\n<td>FAMED<\/td>\n<td>11:40- 13:20<\/td>\n<\/tr>\n<tr>\n<td>CERIM\u00d4NIAS 17:00<\/td>\n<td>BIBLIOTECA P\u00daBLICA PELOTENSE<\/td>\n<td>14:20- 15:30<\/td>\n<td>FAMED<\/td>\n<td>14:40- 15:50<\/td>\n<\/tr>\n<tr>\n<td>CERIM\u00d4NIAS 20:00<\/td>\n<td>BIBLIOTECA P\u00daBLICA PELOTENSE<\/td>\n<td>17:00- 18:20<\/td>\n<td>FAMED<\/td>\n<td>17:20- 18:40<\/td>\n<\/tr>\n<\/tbody>\n<\/table>\n<p data-start=\"1544\" data-end=\"1671\" data-is-last-node=\"\" data-is-only-node=\"\">Recomendamos que todos os formandos verifiquem atentamente os hor\u00e1rios e se organizem com anteced\u00eancia para evitar imprevistos.<\/p>\n<\/div>\n<\/div>\n<\/div>\n<\/div>\n<div class=\"z-0 flex min-h-[46px] justify-start\"><\/div>\n<\/div>\n<\/div>\n","protected":false},"excerpt":{"rendered":"<p>Est\u00e3o dispon\u00edveis os hor\u00e1rios dos ensaios de formatura, bem como os hor\u00e1rios das cerim\u00f4nias e dos \u00f4nibus de apoio, al\u00e9m das informa\u00e7\u00f5es sobre dias e funcionamento do transporte. Os \u00f4nibus estar\u00e3o dispon\u00edveis tanto nos dias de ensaio quanto nos dias das cerim\u00f4nias, com o objetivo de facilitar o deslocamento dos formandos at\u00e9 o Campus Cap\u00e3o [&hellip;]<\/p>\n","protected":false},"author":1321,"featured_media":0,"comment_status":"closed","ping_status":"closed","sticky":false,"template":"","format":"standard","meta":{"footnotes":""},"categories":[1],"tags":[],"class_list":["post-1495","post","type-post","status-publish","format-standard","hentry","category-noticias"],"jetpack_featured_media_url":"","_links":{"self":[{"href":"https:\/\/wp.ufpel.edu.br\/formaturas\/wp-json\/wp\/v2\/posts\/1495","targetHints":{"allow":["GET"]}}],"collection":[{"href":"https:\/\/wp.ufpel.edu.br\/formaturas\/wp-json\/wp\/v2\/posts"}],"about":[{"href":"https:\/\/wp.ufpel.edu.br\/formaturas\/wp-json\/wp\/v2\/types\/post"}],"author":[{"embeddable":true,"href":"https:\/\/wp.ufpel.edu.br\/formaturas\/wp-json\/wp\/v2\/users\/1321"}],"replies":[{"embeddable":true,"href":"https:\/\/wp.ufpel.edu.br\/formaturas\/wp-json\/wp\/v2\/comments?post=1495"}],"version-history":[{"count":1,"href":"https:\/\/wp.ufpel.edu.br\/formaturas\/wp-json\/wp\/v2\/posts\/1495\/revisions"}],"predecessor-version":[{"id":1499,"href":"https:\/\/wp.ufpel.edu.br\/formaturas\/wp-json\/wp\/v2\/posts\/1495\/revisions\/1499"}],"wp:attachment":[{"href":"https:\/\/wp.ufpel.edu.br\/formaturas\/wp-json\/wp\/v2\/media?parent=1495"}],"wp:term":[{"taxonomy":"category","embeddable":true,"href":"https:\/\/wp.ufpel.edu.br\/formaturas\/wp-json\/wp\/v2\/categories?post=1495"},{"taxonomy":"post_tag","embeddable":true,"href":"https:\/\/wp.ufpel.edu.br\/formaturas\/wp-json\/wp\/v2\/tags?post=1495"}],"curies":[{"name":"wp","href":"https:\/\/api.w.org\/{rel}","templated":true}]}}