{"id":483,"date":"2022-10-19T16:32:20","date_gmt":"2022-10-19T19:32:20","guid":{"rendered":"https:\/\/wp.ufpel.edu.br\/forcultsul\/?p=483"},"modified":"2022-10-19T16:37:18","modified_gmt":"2022-10-19T19:37:18","slug":"forcultsul-apresenta-forum-ampliado","status":"publish","type":"post","link":"https:\/\/wp.ufpel.edu.br\/forcultsul\/2022\/10\/19\/forcultsul-apresenta-forum-ampliado\/","title":{"rendered":"FORCULTSUL APRESENTA: F\u00d3RUM AMPLIADO"},"content":{"rendered":"<p style=\"text-align: justify;\"><span style=\"font-family: tahoma, arial, helvetica, sans-serif;\">O FORCULT Sul \u00e9 um espa\u00e7o de encontro de gestores culturais das IPES do Rio Grande do Sul, Santa Catarina e Paran\u00e1. Em outubro de 2022, nos dias 25 e 26 acontecer\u00e1 o F\u00f3rum Ampliado que tem como tema: Dimens\u00f5es Culturais nas IPES &#8211; dos documentos ao cotidiano. O evento ser\u00e1 virtual e transmitido no canal do <strong><a href=\"https:\/\/www.youtube.com\/c\/FORCULTSul\">youtube<\/a><\/strong> do F\u00f3rum. A programa\u00e7\u00e3o prev\u00ea uma abertura no dia 25 \u00e0s 19h, no dia 26 teremos tr\u00eas grupos de trabalho pela manh\u00e3 e tr\u00eas grupos de trabalho a tarde. O F\u00f3rum Ampliado do FORCULT Sul ir\u00e1 acompanhar e dialogar os 6 GTS propostos pelo FORCULT Nacional. O evento \u00e9 aberto a comunidade e a inscri\u00e7\u00e3o pode ser realizada pelo <strong><a href=\"https:\/\/docs.google.com\/forms\/d\/e\/1FAIpQLSc5tH4MkDTqq6-CRXyuTZFI--WtFNagoA4lUxuh8De06T17eQ\/viewform\">LINK<\/a><\/strong>.<\/span><\/p>\n<p><img loading=\"lazy\" decoding=\"async\" class=\"alignnone size-full wp-image-486\" src=\"https:\/\/wp.ufpel.edu.br\/forcultsul\/files\/2022\/10\/734873784.png\" alt=\"\" width=\"1080\" height=\"1080\" srcset=\"https:\/\/wp.ufpel.edu.br\/forcultsul\/files\/2022\/10\/734873784.png 1080w, https:\/\/wp.ufpel.edu.br\/forcultsul\/files\/2022\/10\/734873784-400x400.png 400w, https:\/\/wp.ufpel.edu.br\/forcultsul\/files\/2022\/10\/734873784-1024x1024.png 1024w, https:\/\/wp.ufpel.edu.br\/forcultsul\/files\/2022\/10\/734873784-200x200.png 200w, https:\/\/wp.ufpel.edu.br\/forcultsul\/files\/2022\/10\/734873784-768x768.png 768w, https:\/\/wp.ufpel.edu.br\/forcultsul\/files\/2022\/10\/734873784-750x750.png 750w\" sizes=\"auto, (max-width: 1080px) 100vw, 1080px\" \/><img loading=\"lazy\" decoding=\"async\" class=\"alignnone size-full wp-image-485\" src=\"https:\/\/wp.ufpel.edu.br\/forcultsul\/files\/2022\/10\/88399843.png\" alt=\"\" width=\"1080\" height=\"1080\" srcset=\"https:\/\/wp.ufpel.edu.br\/forcultsul\/files\/2022\/10\/88399843.png 1080w, https:\/\/wp.ufpel.edu.br\/forcultsul\/files\/2022\/10\/88399843-400x400.png 400w, https:\/\/wp.ufpel.edu.br\/forcultsul\/files\/2022\/10\/88399843-1024x1024.png 1024w, https:\/\/wp.ufpel.edu.br\/forcultsul\/files\/2022\/10\/88399843-200x200.png 200w, https:\/\/wp.ufpel.edu.br\/forcultsul\/files\/2022\/10\/88399843-768x768.png 768w, https:\/\/wp.ufpel.edu.br\/forcultsul\/files\/2022\/10\/88399843-750x750.png 750w\" sizes=\"auto, (max-width: 1080px) 100vw, 1080px\" \/><\/p>\n","protected":false},"excerpt":{"rendered":"<p>O FORCULT Sul \u00e9 um espa\u00e7o de encontro de gestores culturais das IPES do Rio Grande do Sul, Santa Catarina e Paran\u00e1. Em outubro de 2022, nos dias 25 e 26 acontecer\u00e1 o F\u00f3rum Ampliado que tem como tema: Dimens\u00f5es Culturais nas IPES &#8211; dos documentos ao cotidiano. O evento ser\u00e1 virtual e transmitido no &hellip; <\/p>\n<p><a class=\"more-link btn\" href=\"https:\/\/wp.ufpel.edu.br\/forcultsul\/2022\/10\/19\/forcultsul-apresenta-forum-ampliado\/\">Continue lendo<\/a><\/p>\n","protected":false},"author":990,"featured_media":0,"comment_status":"closed","ping_status":"closed","sticky":false,"template":"","format":"standard","meta":{"footnotes":""},"categories":[1],"tags":[],"class_list":["post-483","post","type-post","status-publish","format-standard","hentry","category-noticias","item-wrap"],"jetpack_featured_media_url":"","_links":{"self":[{"href":"https:\/\/wp.ufpel.edu.br\/forcultsul\/wp-json\/wp\/v2\/posts\/483","targetHints":{"allow":["GET"]}}],"collection":[{"href":"https:\/\/wp.ufpel.edu.br\/forcultsul\/wp-json\/wp\/v2\/posts"}],"about":[{"href":"https:\/\/wp.ufpel.edu.br\/forcultsul\/wp-json\/wp\/v2\/types\/post"}],"author":[{"embeddable":true,"href":"https:\/\/wp.ufpel.edu.br\/forcultsul\/wp-json\/wp\/v2\/users\/990"}],"replies":[{"embeddable":true,"href":"https:\/\/wp.ufpel.edu.br\/forcultsul\/wp-json\/wp\/v2\/comments?post=483"}],"version-history":[{"count":3,"href":"https:\/\/wp.ufpel.edu.br\/forcultsul\/wp-json\/wp\/v2\/posts\/483\/revisions"}],"predecessor-version":[{"id":489,"href":"https:\/\/wp.ufpel.edu.br\/forcultsul\/wp-json\/wp\/v2\/posts\/483\/revisions\/489"}],"wp:attachment":[{"href":"https:\/\/wp.ufpel.edu.br\/forcultsul\/wp-json\/wp\/v2\/media?parent=483"}],"wp:term":[{"taxonomy":"category","embeddable":true,"href":"https:\/\/wp.ufpel.edu.br\/forcultsul\/wp-json\/wp\/v2\/categories?post=483"},{"taxonomy":"post_tag","embeddable":true,"href":"https:\/\/wp.ufpel.edu.br\/forcultsul\/wp-json\/wp\/v2\/tags?post=483"}],"curies":[{"name":"wp","href":"https:\/\/api.w.org\/{rel}","templated":true}]}}