{"id":471,"date":"2021-11-03T12:02:31","date_gmt":"2021-11-03T15:02:31","guid":{"rendered":"https:\/\/wp.ufpel.edu.br\/forcultsul\/?p=471"},"modified":"2021-11-03T12:02:31","modified_gmt":"2021-11-03T15:02:31","slug":"forcultsul-apresenta-12h-de-cultura","status":"publish","type":"post","link":"https:\/\/wp.ufpel.edu.br\/forcultsul\/2021\/11\/03\/forcultsul-apresenta-12h-de-cultura\/","title":{"rendered":"FORCULTSUL APRESENTA: 12H DE CULTURA"},"content":{"rendered":"<p style=\"text-align: justify\"><span style=\"font-family: tahoma, arial, helvetica, sans-serif\">O F\u00f3rum de Gest\u00e3o Cultural das Institui\u00e7\u00f5es P\u00fablicas de Ensino Superior Brasileiras da Regi\u00e3o Sul (FORCULT Sul) \u00e9 uma entidade, de natureza propositiva e consultiva, destinada \u00e0 articula\u00e7\u00e3o entre agentes culturais para promover a reflex\u00e3o cr\u00edtica, a orienta\u00e7\u00e3o e o acompanhamento de pol\u00edticas culturais e da gest\u00e3o de cultura nas Institui\u00e7\u00f5es P\u00fablicas de Ensino Superior Brasileiras (IPES). Em agosto deste ano, realizamos nosso F\u00f3rum Ampliado e uma das proposi\u00e7\u00f5es deste f\u00f3rum foi a constru\u00e7\u00e3o de a\u00e7\u00f5es coletivas que oportunizem viv\u00eancias de um corredor cultural virtual. E com esse compromisso, o grupo de gestores culturais constru\u00edram uma programa\u00e7\u00e3o coletiva convidando a comunidade a viver 12h de cultura, uma a\u00e7\u00e3o alusiva ao Dina Nacional da Cultura, celebrado no dia 05 de novembro. Confira nossas a\u00e7\u00f5es e viva com a gente 12 horas de cultura. Nossos encontros transformam, somos resist\u00eancias em movimento. Toda programa\u00e7\u00e3o ser\u00e1 transmitida pelo canal do <strong><a href=\"https:\/\/www.youtube.com\/c\/FORCULTSul\">YOUTUBE<\/a><\/strong>.<\/span><\/p>\n<p><img loading=\"lazy\" decoding=\"async\" class=\"alignnone size-full wp-image-474\" src=\"https:\/\/wp.ufpel.edu.br\/forcultsul\/files\/2021\/11\/WhatsApp-Image-2021-11-02-at-12.04.20.jpeg\" alt=\"\" width=\"904\" height=\"1280\" srcset=\"https:\/\/wp.ufpel.edu.br\/forcultsul\/files\/2021\/11\/WhatsApp-Image-2021-11-02-at-12.04.20.jpeg 904w, https:\/\/wp.ufpel.edu.br\/forcultsul\/files\/2021\/11\/WhatsApp-Image-2021-11-02-at-12.04.20-283x400.jpeg 283w, https:\/\/wp.ufpel.edu.br\/forcultsul\/files\/2021\/11\/WhatsApp-Image-2021-11-02-at-12.04.20-723x1024.jpeg 723w, https:\/\/wp.ufpel.edu.br\/forcultsul\/files\/2021\/11\/WhatsApp-Image-2021-11-02-at-12.04.20-768x1087.jpeg 768w, https:\/\/wp.ufpel.edu.br\/forcultsul\/files\/2021\/11\/WhatsApp-Image-2021-11-02-at-12.04.20-750x1062.jpeg 750w\" sizes=\"auto, (max-width: 904px) 100vw, 904px\" \/><\/p>\n<p><img loading=\"lazy\" decoding=\"async\" class=\"alignnone size-full wp-image-473\" src=\"https:\/\/wp.ufpel.edu.br\/forcultsul\/files\/2021\/11\/WhatsApp-Image-2021-11-01-at-22.00.12.jpeg\" alt=\"\" width=\"904\" height=\"1280\" srcset=\"https:\/\/wp.ufpel.edu.br\/forcultsul\/files\/2021\/11\/WhatsApp-Image-2021-11-01-at-22.00.12.jpeg 904w, https:\/\/wp.ufpel.edu.br\/forcultsul\/files\/2021\/11\/WhatsApp-Image-2021-11-01-at-22.00.12-283x400.jpeg 283w, https:\/\/wp.ufpel.edu.br\/forcultsul\/files\/2021\/11\/WhatsApp-Image-2021-11-01-at-22.00.12-723x1024.jpeg 723w, https:\/\/wp.ufpel.edu.br\/forcultsul\/files\/2021\/11\/WhatsApp-Image-2021-11-01-at-22.00.12-768x1087.jpeg 768w, https:\/\/wp.ufpel.edu.br\/forcultsul\/files\/2021\/11\/WhatsApp-Image-2021-11-01-at-22.00.12-750x1062.jpeg 750w\" sizes=\"auto, (max-width: 904px) 100vw, 904px\" \/><\/p>\n","protected":false},"excerpt":{"rendered":"<p>O F\u00f3rum de Gest\u00e3o Cultural das Institui\u00e7\u00f5es P\u00fablicas de Ensino Superior Brasileiras da Regi\u00e3o Sul (FORCULT Sul) \u00e9 uma entidade, de natureza propositiva e consultiva, destinada \u00e0 articula\u00e7\u00e3o entre agentes culturais para promover a reflex\u00e3o cr\u00edtica, a orienta\u00e7\u00e3o e o acompanhamento de pol\u00edticas culturais e da gest\u00e3o de cultura nas Institui\u00e7\u00f5es P\u00fablicas de Ensino Superior &hellip; <\/p>\n<p><a class=\"more-link btn\" href=\"https:\/\/wp.ufpel.edu.br\/forcultsul\/2021\/11\/03\/forcultsul-apresenta-12h-de-cultura\/\">Continue lendo<\/a><\/p>\n","protected":false},"author":990,"featured_media":0,"comment_status":"closed","ping_status":"closed","sticky":false,"template":"","format":"standard","meta":{"footnotes":""},"categories":[1],"tags":[],"class_list":["post-471","post","type-post","status-publish","format-standard","hentry","category-noticias","item-wrap"],"jetpack_featured_media_url":"","_links":{"self":[{"href":"https:\/\/wp.ufpel.edu.br\/forcultsul\/wp-json\/wp\/v2\/posts\/471","targetHints":{"allow":["GET"]}}],"collection":[{"href":"https:\/\/wp.ufpel.edu.br\/forcultsul\/wp-json\/wp\/v2\/posts"}],"about":[{"href":"https:\/\/wp.ufpel.edu.br\/forcultsul\/wp-json\/wp\/v2\/types\/post"}],"author":[{"embeddable":true,"href":"https:\/\/wp.ufpel.edu.br\/forcultsul\/wp-json\/wp\/v2\/users\/990"}],"replies":[{"embeddable":true,"href":"https:\/\/wp.ufpel.edu.br\/forcultsul\/wp-json\/wp\/v2\/comments?post=471"}],"version-history":[{"count":1,"href":"https:\/\/wp.ufpel.edu.br\/forcultsul\/wp-json\/wp\/v2\/posts\/471\/revisions"}],"predecessor-version":[{"id":475,"href":"https:\/\/wp.ufpel.edu.br\/forcultsul\/wp-json\/wp\/v2\/posts\/471\/revisions\/475"}],"wp:attachment":[{"href":"https:\/\/wp.ufpel.edu.br\/forcultsul\/wp-json\/wp\/v2\/media?parent=471"}],"wp:term":[{"taxonomy":"category","embeddable":true,"href":"https:\/\/wp.ufpel.edu.br\/forcultsul\/wp-json\/wp\/v2\/categories?post=471"},{"taxonomy":"post_tag","embeddable":true,"href":"https:\/\/wp.ufpel.edu.br\/forcultsul\/wp-json\/wp\/v2\/tags?post=471"}],"curies":[{"name":"wp","href":"https:\/\/api.w.org\/{rel}","templated":true}]}}