{"id":455,"date":"2021-08-23T11:21:09","date_gmt":"2021-08-23T14:21:09","guid":{"rendered":"https:\/\/wp.ufpel.edu.br\/forcultsul\/?p=455"},"modified":"2021-08-23T14:30:12","modified_gmt":"2021-08-23T17:30:12","slug":"forcultsul-apresenta-lives-do-dia-25-08-do-evento-resistencias-em-movimentos","status":"publish","type":"post","link":"https:\/\/wp.ufpel.edu.br\/forcultsul\/2021\/08\/23\/forcultsul-apresenta-lives-do-dia-25-08-do-evento-resistencias-em-movimentos\/","title":{"rendered":"FORCULTSUL APRESENTA: LIVES DO DIA 25\/08 DO EVENTO &#8220;RESIST\u00caNCIAS EM MOVIMENTOS&#8221;"},"content":{"rendered":"<p style=\"text-align: justify\"><span style=\"font-family: tahoma, arial, helvetica, sans-serif\">A live de abertura do segundo dia do evento realizado pelo FORCULTSul, &#8220;Resist\u00eancias em Movimentos&#8221;, ocorrer\u00e1 no dia 25\/08, \u00e0s 10h, e contar\u00e1 com a presen\u00e7a de Rog\u00e9ria Couto (Coordenadora de Projetos da Secarte\/UFSC), Maria de Lourdes Borges (Secretaria de Cultura e Arte\/UFSC), Enaldo Oliveira (Maestro da UTFPR) e Danny Jess\u00e9 Falkembach Nascimento (Coordenador de Comunica\u00e7\u00e3o Social da Unicentro).\u00a0<\/span><\/p>\n<p><img loading=\"lazy\" decoding=\"async\" class=\"alignnone size-full wp-image-457\" src=\"https:\/\/wp.ufpel.edu.br\/forcultsul\/files\/2021\/08\/TEMA-ARTE-CULTURA-E-INCLUSAO-live-1.png\" alt=\"\" width=\"1080\" height=\"1080\" srcset=\"https:\/\/wp.ufpel.edu.br\/forcultsul\/files\/2021\/08\/TEMA-ARTE-CULTURA-E-INCLUSAO-live-1.png 1080w, https:\/\/wp.ufpel.edu.br\/forcultsul\/files\/2021\/08\/TEMA-ARTE-CULTURA-E-INCLUSAO-live-1-400x400.png 400w, https:\/\/wp.ufpel.edu.br\/forcultsul\/files\/2021\/08\/TEMA-ARTE-CULTURA-E-INCLUSAO-live-1-1024x1024.png 1024w, https:\/\/wp.ufpel.edu.br\/forcultsul\/files\/2021\/08\/TEMA-ARTE-CULTURA-E-INCLUSAO-live-1-200x200.png 200w, https:\/\/wp.ufpel.edu.br\/forcultsul\/files\/2021\/08\/TEMA-ARTE-CULTURA-E-INCLUSAO-live-1-768x768.png 768w, https:\/\/wp.ufpel.edu.br\/forcultsul\/files\/2021\/08\/TEMA-ARTE-CULTURA-E-INCLUSAO-live-1-750x750.png 750w\" sizes=\"auto, (max-width: 1080px) 100vw, 1080px\" \/><\/p>\n<p style=\"text-align: justify\"><span style=\"font-family: tahoma, arial, helvetica, sans-serif\">A segunda live do dia 25\/08 ocorrer\u00e1 \u00e1s 14H, e contar\u00e1 com a presen\u00e7a de Juliana Partyka (Atriz, dramaturga e professora de arte no Instituto Paranaense de Cegos &#8211; IPC), Noemi N. Ansay (Diretora da Faculdade de Artes do Paran\u00e1 e Professora do Bacharelado em Musicoterapia da Unespar) e Kennedy Piau Ferreira (Professor associado da Universidade Estadual de Londrina).<\/span><\/p>\n<p><img loading=\"lazy\" decoding=\"async\" class=\"alignnone size-full wp-image-458\" src=\"https:\/\/wp.ufpel.edu.br\/forcultsul\/files\/2021\/08\/TEMA-ARTE-CULTURA-E-INCLUSAO-live.png\" alt=\"\" width=\"1080\" height=\"1080\" srcset=\"https:\/\/wp.ufpel.edu.br\/forcultsul\/files\/2021\/08\/TEMA-ARTE-CULTURA-E-INCLUSAO-live.png 1080w, https:\/\/wp.ufpel.edu.br\/forcultsul\/files\/2021\/08\/TEMA-ARTE-CULTURA-E-INCLUSAO-live-400x400.png 400w, https:\/\/wp.ufpel.edu.br\/forcultsul\/files\/2021\/08\/TEMA-ARTE-CULTURA-E-INCLUSAO-live-1024x1024.png 1024w, https:\/\/wp.ufpel.edu.br\/forcultsul\/files\/2021\/08\/TEMA-ARTE-CULTURA-E-INCLUSAO-live-200x200.png 200w, https:\/\/wp.ufpel.edu.br\/forcultsul\/files\/2021\/08\/TEMA-ARTE-CULTURA-E-INCLUSAO-live-768x768.png 768w, https:\/\/wp.ufpel.edu.br\/forcultsul\/files\/2021\/08\/TEMA-ARTE-CULTURA-E-INCLUSAO-live-750x750.png 750w\" sizes=\"auto, (max-width: 1080px) 100vw, 1080px\" \/><\/p>\n","protected":false},"excerpt":{"rendered":"<p>A live de abertura do segundo dia do evento realizado pelo FORCULTSul, &#8220;Resist\u00eancias em Movimentos&#8221;, ocorrer\u00e1 no dia 25\/08, \u00e0s 10h, e contar\u00e1 com a presen\u00e7a de Rog\u00e9ria Couto (Coordenadora de Projetos da Secarte\/UFSC), Maria de Lourdes Borges (Secretaria de Cultura e Arte\/UFSC), Enaldo Oliveira (Maestro da UTFPR) e Danny Jess\u00e9 Falkembach Nascimento (Coordenador de &hellip; <\/p>\n<p><a class=\"more-link btn\" href=\"https:\/\/wp.ufpel.edu.br\/forcultsul\/2021\/08\/23\/forcultsul-apresenta-lives-do-dia-25-08-do-evento-resistencias-em-movimentos\/\">Continue lendo<\/a><\/p>\n","protected":false},"author":990,"featured_media":0,"comment_status":"closed","ping_status":"closed","sticky":false,"template":"","format":"standard","meta":{"footnotes":""},"categories":[1],"tags":[],"class_list":["post-455","post","type-post","status-publish","format-standard","hentry","category-noticias","item-wrap"],"jetpack_featured_media_url":"","_links":{"self":[{"href":"https:\/\/wp.ufpel.edu.br\/forcultsul\/wp-json\/wp\/v2\/posts\/455","targetHints":{"allow":["GET"]}}],"collection":[{"href":"https:\/\/wp.ufpel.edu.br\/forcultsul\/wp-json\/wp\/v2\/posts"}],"about":[{"href":"https:\/\/wp.ufpel.edu.br\/forcultsul\/wp-json\/wp\/v2\/types\/post"}],"author":[{"embeddable":true,"href":"https:\/\/wp.ufpel.edu.br\/forcultsul\/wp-json\/wp\/v2\/users\/990"}],"replies":[{"embeddable":true,"href":"https:\/\/wp.ufpel.edu.br\/forcultsul\/wp-json\/wp\/v2\/comments?post=455"}],"version-history":[{"count":3,"href":"https:\/\/wp.ufpel.edu.br\/forcultsul\/wp-json\/wp\/v2\/posts\/455\/revisions"}],"predecessor-version":[{"id":464,"href":"https:\/\/wp.ufpel.edu.br\/forcultsul\/wp-json\/wp\/v2\/posts\/455\/revisions\/464"}],"wp:attachment":[{"href":"https:\/\/wp.ufpel.edu.br\/forcultsul\/wp-json\/wp\/v2\/media?parent=455"}],"wp:term":[{"taxonomy":"category","embeddable":true,"href":"https:\/\/wp.ufpel.edu.br\/forcultsul\/wp-json\/wp\/v2\/categories?post=455"},{"taxonomy":"post_tag","embeddable":true,"href":"https:\/\/wp.ufpel.edu.br\/forcultsul\/wp-json\/wp\/v2\/tags?post=455"}],"curies":[{"name":"wp","href":"https:\/\/api.w.org\/{rel}","templated":true}]}}