{"id":148,"date":"2020-10-19T17:30:48","date_gmt":"2020-10-19T20:30:48","guid":{"rendered":"https:\/\/wp.ufpel.edu.br\/forcultsul\/?p=148"},"modified":"2021-08-05T21:56:41","modified_gmt":"2021-08-06T00:56:41","slug":"148","status":"publish","type":"post","link":"https:\/\/wp.ufpel.edu.br\/forcultsul\/2020\/10\/19\/148\/","title":{"rendered":"SOBRE O FORCULT 2020"},"content":{"rendered":"<p style=\"text-align: center\"><img loading=\"lazy\" decoding=\"async\" class=\"alignnone size-full wp-image-146\" src=\"https:\/\/wp.ufpel.edu.br\/forcultsul\/files\/2020\/10\/cropped-Prancheta-1-3.png\" alt=\"\" width=\"1400\" height=\"400\" srcset=\"https:\/\/wp.ufpel.edu.br\/forcultsul\/files\/2020\/10\/cropped-Prancheta-1-3.png 1400w, https:\/\/wp.ufpel.edu.br\/forcultsul\/files\/2020\/10\/cropped-Prancheta-1-3-400x114.png 400w, https:\/\/wp.ufpel.edu.br\/forcultsul\/files\/2020\/10\/cropped-Prancheta-1-3-1024x293.png 1024w, https:\/\/wp.ufpel.edu.br\/forcultsul\/files\/2020\/10\/cropped-Prancheta-1-3-768x219.png 768w, https:\/\/wp.ufpel.edu.br\/forcultsul\/files\/2020\/10\/cropped-Prancheta-1-3-700x200.png 700w\" sizes=\"auto, (max-width: 1400px) 100vw, 1400px\" \/><\/p>\n<p>&nbsp;<\/p>\n<p style=\"text-align: center\"><strong><span style=\"font-family: tahoma, arial, helvetica, sans-serif;font-size: 12pt\">FORCULTSUL 2020<\/span><\/strong><\/p>\n<p style=\"text-align: justify\"><span style=\"font-family: tahoma, arial, helvetica, sans-serif;font-size: 12pt\">F\u00f3rum Regional de Gest\u00e3o Cultural das Institui\u00e7\u00f5es de Ensino Superior (Forcult), 24 e 26 de novembro de 2020, integrado \u00e0 programa\u00e7\u00e3o do VII Congresso de Extens\u00e3o e Cultura da 6\u00aa. Semana Integrada de Inova\u00e7\u00e3o, Pesquisa, Ensino e Extens\u00e3o da UFPEL &#8211; <a href=\"https:\/\/wp.ufpel.edu.br\/siiepe\/\">SIIEPE<\/a>, constitui-se pelos setores e agentes culturais das Institui\u00e7\u00f5es P\u00fablicas de Ensino Superior da Regi\u00e3o Sul: Estados do Paran\u00e1, Santa Catarina e Rio Grande do Sul.<\/span><\/p>\n<p style=\"text-align: justify\"><span style=\"font-family: tahoma, arial, helvetica, sans-serif;font-size: 12pt\">As atividades ser\u00e3o online e objetivam a promo\u00e7\u00e3o de debates voltados ao fortalecimento das pol\u00edticas culturais no \u00e2mbito acad\u00eamico, bem como encaminhar diretrizes para a integra\u00e7\u00e3o dos seus agentes, trabalhadores e p\u00fablico da Cultura.<\/span><\/p>\n<p style=\"text-align: justify\"><span style=\"font-family: tahoma, arial, helvetica, sans-serif;font-size: 12pt\">Dando continuidade \u00e0s discuss\u00f5es iniciadas no FORCULT Nacional, grupos tem\u00e1ticos (GTs) ir\u00e3o propor metodologias para um Corredor Cultural Nacional, a realiza\u00e7\u00e3o de pesquisas e indicadores, al\u00e9m de um mapeamento dos equipamentos culturais das Institui\u00e7\u00f5es de Ensino Superior (IES).<\/span><\/p>\n<p style=\"text-align: justify\"><span style=\"font-family: tahoma, arial, helvetica, sans-serif;font-size: 12pt\">Apresenta\u00e7\u00f5es da constru\u00e7\u00e3o de uma pol\u00edtica cultural institucional j\u00e1 existente e\/ou em constru\u00e7\u00e3o nas institui\u00e7\u00f5es de ensino superior da regi\u00e3o sul tamb\u00e9m integrar\u00e3o o f\u00f3rum.<\/span><\/p>\n<p><span style=\"font-family: tahoma, arial, helvetica, sans-serif;font-size: 12pt\">Fa\u00e7a parte deste processo. Pol\u00edtica cultural \u00e9 preciso!<\/span><\/p>\n<h6><span style=\"font-family: tahoma, arial, helvetica, sans-serif;font-size: 12pt\"><em>Fernando Igansi\u00a0 &#8211; <\/em><em>Coordenador de Arte e Inclus\u00e3o &#8211; PREC | UFPEL<\/em><\/span><\/h6>\n<p><span style=\"font-family: tahoma, arial, helvetica, sans-serif;font-size: 12pt\">\u00a0<\/span><\/p>\n","protected":false},"excerpt":{"rendered":"<p>&nbsp; FORCULTSUL 2020 F\u00f3rum Regional de Gest\u00e3o Cultural das Institui\u00e7\u00f5es de Ensino Superior (Forcult), 24 e 26 de novembro de 2020, integrado \u00e0 programa\u00e7\u00e3o do VII Congresso de Extens\u00e3o e Cultura da 6\u00aa. Semana Integrada de Inova\u00e7\u00e3o, Pesquisa, Ensino e Extens\u00e3o da UFPEL &#8211; SIIEPE, constitui-se pelos setores e agentes culturais das Institui\u00e7\u00f5es P\u00fablicas de &hellip; <\/p>\n<p><a class=\"more-link btn\" href=\"https:\/\/wp.ufpel.edu.br\/forcultsul\/2020\/10\/19\/148\/\">Continue lendo<\/a><\/p>\n","protected":false},"author":990,"featured_media":0,"comment_status":"closed","ping_status":"closed","sticky":false,"template":"","format":"standard","meta":{"footnotes":""},"categories":[1],"tags":[],"class_list":["post-148","post","type-post","status-publish","format-standard","hentry","category-noticias","item-wrap"],"jetpack_featured_media_url":"","_links":{"self":[{"href":"https:\/\/wp.ufpel.edu.br\/forcultsul\/wp-json\/wp\/v2\/posts\/148","targetHints":{"allow":["GET"]}}],"collection":[{"href":"https:\/\/wp.ufpel.edu.br\/forcultsul\/wp-json\/wp\/v2\/posts"}],"about":[{"href":"https:\/\/wp.ufpel.edu.br\/forcultsul\/wp-json\/wp\/v2\/types\/post"}],"author":[{"embeddable":true,"href":"https:\/\/wp.ufpel.edu.br\/forcultsul\/wp-json\/wp\/v2\/users\/990"}],"replies":[{"embeddable":true,"href":"https:\/\/wp.ufpel.edu.br\/forcultsul\/wp-json\/wp\/v2\/comments?post=148"}],"version-history":[{"count":10,"href":"https:\/\/wp.ufpel.edu.br\/forcultsul\/wp-json\/wp\/v2\/posts\/148\/revisions"}],"predecessor-version":[{"id":412,"href":"https:\/\/wp.ufpel.edu.br\/forcultsul\/wp-json\/wp\/v2\/posts\/148\/revisions\/412"}],"wp:attachment":[{"href":"https:\/\/wp.ufpel.edu.br\/forcultsul\/wp-json\/wp\/v2\/media?parent=148"}],"wp:term":[{"taxonomy":"category","embeddable":true,"href":"https:\/\/wp.ufpel.edu.br\/forcultsul\/wp-json\/wp\/v2\/categories?post=148"},{"taxonomy":"post_tag","embeddable":true,"href":"https:\/\/wp.ufpel.edu.br\/forcultsul\/wp-json\/wp\/v2\/tags?post=148"}],"curies":[{"name":"wp","href":"https:\/\/api.w.org\/{rel}","templated":true}]}}