{"id":1654,"date":"2026-08-28T11:23:24","date_gmt":"2026-08-28T14:23:24","guid":{"rendered":"https:\/\/wp.ufpel.edu.br\/fisioterapia\/?p=1654"},"modified":"2026-08-28T11:23:28","modified_gmt":"2026-08-28T14:23:28","slug":"encontro-de-educacao-em-fisioterapia-e-terapia-ocupacional-do-crefito-5","status":"publish","type":"post","link":"https:\/\/wp.ufpel.edu.br\/fisioterapia\/2026\/08\/28\/encontro-de-educacao-em-fisioterapia-e-terapia-ocupacional-do-crefito-5\/","title":{"rendered":"Encontro de Educa\u00e7\u00e3o em Fisioterapia e Terapia Ocupacional do CREFITO-5"},"content":{"rendered":"\n<figure class=\"wp-block-image size-large\"><img width=\"1024\" height=\"341\" src=\"https:\/\/wp.ufpel.edu.br\/fisioterapia\/files\/2026\/08\/CREFITO-5-1024x341.png\" alt=\"\" class=\"wp-image-1657\" srcset=\"https:\/\/wp.ufpel.edu.br\/fisioterapia\/files\/2026\/08\/CREFITO-5-1024x341.png 1024w, https:\/\/wp.ufpel.edu.br\/fisioterapia\/files\/2026\/08\/CREFITO-5-400x133.png 400w, https:\/\/wp.ufpel.edu.br\/fisioterapia\/files\/2026\/08\/CREFITO-5-768x256.png 768w, https:\/\/wp.ufpel.edu.br\/fisioterapia\/files\/2026\/08\/CREFITO-5.png 1200w\" sizes=\"(max-width: 1024px) 100vw, 1024px\" \/><\/figure>\n\n\n\n<p class=\"wp-block-paragraph\">Aten\u00e7\u00e3o, profissionais e estudantes!<br><br>Vem a\u00ed o&nbsp;<strong>Encontro de Educa\u00e7\u00e3o em Fisioterapia e Terapia Ocupacional do CREFITO-5!<\/strong><br><br>No dia&nbsp;<strong>12 de setembro<\/strong>, vamos reunir profissionais, docentes, estudantes e representantes da \u00e1rea para um momento de di\u00e1logo, troca de experi\u00eancias e constru\u00e7\u00e3o de caminhos para fortalecer a educa\u00e7\u00e3o em Fisioterapia e Terapia Ocupacional.<br><br>Um espa\u00e7o para discutir os desafios da forma\u00e7\u00e3o, as transforma\u00e7\u00f5es no ensino e a import\u00e2ncia de uma educa\u00e7\u00e3o de qualidade para o futuro das profiss\u00f5es.<br><br>Onde: Parque Esportivo PUC Porto Alegre &#8211;&nbsp;Avenida Ipiranga, 6690, Audit\u00f3rio do Pr\u00e9dio 81<\/p>\n\n\n\n<p class=\"wp-block-paragraph\">Dia: 12&nbsp;de setembro<br>Hor\u00e1rio: 08h \u00e0s 17h<br><br>Participe desta edi\u00e7\u00e3o e fa\u00e7a parte desse novo espa\u00e7o de troca e constru\u00e7\u00e3o coletiva!<br>&nbsp;<\/p>\n\n\n\n<p class=\"wp-block-paragraph\"><strong>Inscreva-se pelo link:<\/strong>\u00a0<a href=\"https:\/\/www.sympla.com.br\/evento\/encontro-de-educacao-em-fisioterapia-e-terapia-ocupacional-do-crefito-5\/3543026\">https:\/\/www.sympla.com.br\/evento\/encontro-de-educacao-em-fisioterapia-e-terapia-ocupacional-do-crefito-5\/3543026<\/a><\/p>\n\n\n\n<p class=\"wp-block-paragraph\">\u00a0<\/p>\n\n\n\n<p class=\"wp-block-paragraph\"><\/p>\n","protected":false},"excerpt":{"rendered":"<p>Aten\u00e7\u00e3o, profissionais e estudantes! Vem a\u00ed o&nbsp;Encontro de Educa\u00e7\u00e3o em Fisioterapia e Terapia Ocupacional do CREFITO-5! No dia&nbsp;12 de setembro, vamos reunir profissionais, docentes, estudantes e representantes da \u00e1rea para um momento de di\u00e1logo, troca de experi\u00eancias e constru\u00e7\u00e3o de caminhos para fortalecer a educa\u00e7\u00e3o em Fisioterapia e Terapia Ocupacional. Um espa\u00e7o para discutir os [&hellip;]<\/p>\n","protected":false},"author":982,"featured_media":0,"comment_status":"closed","ping_status":"closed","sticky":false,"template":"","format":"standard","meta":{"_jetpack_newsletter_access":"","_jetpack_dont_email_post_to_subs":true,"_jetpack_newsletter_tier_id":0,"_jetpack_memberships_contains_paywalled_content":false,"_jetpack_feature_clip_id":0,"_jetpack_memberships_contains_paid_content":false,"footnotes":"","jetpack_post_was_ever_published":false},"categories":[15],"tags":[],"class_list":["post-1654","post","type-post","status-publish","format-standard","hentry","category-sem-categoria-pt"],"jetpack_featured_media_url":"","jetpack_sharing_enabled":true,"_links":{"self":[{"href":"https:\/\/wp.ufpel.edu.br\/fisioterapia\/wp-json\/wp\/v2\/posts\/1654","targetHints":{"allow":["GET"]}}],"collection":[{"href":"https:\/\/wp.ufpel.edu.br\/fisioterapia\/wp-json\/wp\/v2\/posts"}],"about":[{"href":"https:\/\/wp.ufpel.edu.br\/fisioterapia\/wp-json\/wp\/v2\/types\/post"}],"author":[{"embeddable":true,"href":"https:\/\/wp.ufpel.edu.br\/fisioterapia\/wp-json\/wp\/v2\/users\/982"}],"replies":[{"embeddable":true,"href":"https:\/\/wp.ufpel.edu.br\/fisioterapia\/wp-json\/wp\/v2\/comments?post=1654"}],"version-history":[{"count":1,"href":"https:\/\/wp.ufpel.edu.br\/fisioterapia\/wp-json\/wp\/v2\/posts\/1654\/revisions"}],"predecessor-version":[{"id":1658,"href":"https:\/\/wp.ufpel.edu.br\/fisioterapia\/wp-json\/wp\/v2\/posts\/1654\/revisions\/1658"}],"wp:attachment":[{"href":"https:\/\/wp.ufpel.edu.br\/fisioterapia\/wp-json\/wp\/v2\/media?parent=1654"}],"wp:term":[{"taxonomy":"category","embeddable":true,"href":"https:\/\/wp.ufpel.edu.br\/fisioterapia\/wp-json\/wp\/v2\/categories?post=1654"},{"taxonomy":"post_tag","embeddable":true,"href":"https:\/\/wp.ufpel.edu.br\/fisioterapia\/wp-json\/wp\/v2\/tags?post=1654"}],"curies":[{"name":"wp","href":"https:\/\/api.w.org\/{rel}","templated":true}]}}