{"id":1650,"date":"2026-08-25T16:48:49","date_gmt":"2026-08-25T19:48:49","guid":{"rendered":"https:\/\/wp.ufpel.edu.br\/fisioterapia\/?p=1650"},"modified":"2026-08-25T16:48:55","modified_gmt":"2026-08-25T19:48:55","slug":"proplad-divulga-edital-006-2026-de-bolsas-de-desenvolvimento-institucional-bdi","status":"publish","type":"post","link":"https:\/\/wp.ufpel.edu.br\/fisioterapia\/2026\/08\/25\/proplad-divulga-edital-006-2026-de-bolsas-de-desenvolvimento-institucional-bdi\/","title":{"rendered":"PROPLAD divulga edital 006\/2026 de bolsas de desenvolvimento institucional \u2013 BDI"},"content":{"rendered":"\n<p class=\"wp-block-paragraph\">A PROPLAD torna p\u00fablico que est\u00e1 aberta sele\u00e7\u00e3o de bolsistas ao \u201cPrograma de Bolsas de Desenvolvimento Institucional\u201d.<\/p>\n\n\n\n<p class=\"wp-block-paragraph\">As inscri\u00e7\u00f5es s\u00e3o de 25 de agosto de 2026 \u00e0 31 de agosto de 2026 e h\u00e1 6 vagas dispon\u00edveis para estudantes de diversos cursos.<\/p>\n\n\n\n<p class=\"wp-block-paragraph\"><a href=\"https:\/\/wp.ufpel.edu.br\/proplad\/files\/2026\/08\/SEI_4098002_Edital_006_2026-1.pdf\">Confira aqui o edital.<\/a><\/p>\n\n\n\n<p class=\"wp-block-paragraph\"><\/p>\n\n\n\n<figure class=\"wp-block-embed is-type-wp-embed is-provider-pr-reitoria-de-planejamento-e-desenvolvimento-proplad wp-block-embed-pr-reitoria-de-planejamento-e-desenvolvimento-proplad\"><div class=\"wp-block-embed__wrapper\">\n<blockquote class=\"wp-embedded-content\" data-secret=\"aV7lQgA3i5\"><a href=\"https:\/\/wp.ufpel.edu.br\/proplad\/2026\/08\/25\/proplad-divulga-edital-006-2026-de-bolsas-de-desenvolvimento-institucional-bdi\/\">PROPLAD divulga edital 006\/2026 de bolsas de desenvolvimento institucional \u2013 BDI<\/a><\/blockquote><iframe class=\"wp-embedded-content\" sandbox=\"allow-scripts\" security=\"restricted\" style=\"position: absolute; visibility: hidden;\" title=\"\u201cPROPLAD divulga edital 006\/2026 de bolsas de desenvolvimento institucional \u2013 BDI\u201d \u2014 Pr\u00f3-Reitoria de Planejamento e Desenvolvimento PROPLAD\" src=\"https:\/\/wp.ufpel.edu.br\/proplad\/2026\/08\/25\/proplad-divulga-edital-006-2026-de-bolsas-de-desenvolvimento-institucional-bdi\/embed\/#?secret=JqtWLwT5hT#?secret=aV7lQgA3i5\" data-secret=\"aV7lQgA3i5\" width=\"500\" height=\"282\" frameborder=\"0\" marginwidth=\"0\" marginheight=\"0\" scrolling=\"no\"><\/iframe>\n<\/div><\/figure>\n","protected":false},"excerpt":{"rendered":"<p>A PROPLAD torna p\u00fablico que est\u00e1 aberta sele\u00e7\u00e3o de bolsistas ao \u201cPrograma de Bolsas de Desenvolvimento Institucional\u201d. As inscri\u00e7\u00f5es s\u00e3o de 25 de agosto de 2026 \u00e0 31 de agosto de 2026 e h\u00e1 6 vagas dispon\u00edveis para estudantes de diversos cursos. Confira aqui o edital.<\/p>\n","protected":false},"author":982,"featured_media":0,"comment_status":"closed","ping_status":"closed","sticky":false,"template":"","format":"standard","meta":{"_jetpack_newsletter_access":"","_jetpack_dont_email_post_to_subs":false,"_jetpack_newsletter_tier_id":0,"_jetpack_memberships_contains_paywalled_content":false,"_jetpack_feature_clip_id":0,"_jetpack_memberships_contains_paid_content":false,"footnotes":"","jetpack_post_was_ever_published":false},"categories":[15],"tags":[],"class_list":["post-1650","post","type-post","status-publish","format-standard","hentry","category-sem-categoria-pt"],"jetpack_featured_media_url":"","jetpack_sharing_enabled":true,"_links":{"self":[{"href":"https:\/\/wp.ufpel.edu.br\/fisioterapia\/wp-json\/wp\/v2\/posts\/1650","targetHints":{"allow":["GET"]}}],"collection":[{"href":"https:\/\/wp.ufpel.edu.br\/fisioterapia\/wp-json\/wp\/v2\/posts"}],"about":[{"href":"https:\/\/wp.ufpel.edu.br\/fisioterapia\/wp-json\/wp\/v2\/types\/post"}],"author":[{"embeddable":true,"href":"https:\/\/wp.ufpel.edu.br\/fisioterapia\/wp-json\/wp\/v2\/users\/982"}],"replies":[{"embeddable":true,"href":"https:\/\/wp.ufpel.edu.br\/fisioterapia\/wp-json\/wp\/v2\/comments?post=1650"}],"version-history":[{"count":1,"href":"https:\/\/wp.ufpel.edu.br\/fisioterapia\/wp-json\/wp\/v2\/posts\/1650\/revisions"}],"predecessor-version":[{"id":1653,"href":"https:\/\/wp.ufpel.edu.br\/fisioterapia\/wp-json\/wp\/v2\/posts\/1650\/revisions\/1653"}],"wp:attachment":[{"href":"https:\/\/wp.ufpel.edu.br\/fisioterapia\/wp-json\/wp\/v2\/media?parent=1650"}],"wp:term":[{"taxonomy":"category","embeddable":true,"href":"https:\/\/wp.ufpel.edu.br\/fisioterapia\/wp-json\/wp\/v2\/categories?post=1650"},{"taxonomy":"post_tag","embeddable":true,"href":"https:\/\/wp.ufpel.edu.br\/fisioterapia\/wp-json\/wp\/v2\/tags?post=1650"}],"curies":[{"name":"wp","href":"https:\/\/api.w.org\/{rel}","templated":true}]}}